{"id":19651,"date":"2022-06-10T19:16:22","date_gmt":"2022-06-10T18:16:22","guid":{"rendered":"https:\/\/ostrowskatv.pl\/?p=19651"},"modified":"2022-06-10T19:16:37","modified_gmt":"2022-06-10T18:16:37","slug":"po-kolizji-wpadl-w-szal-i-przeklinal-jak-kurdej-szatan","status":"publish","type":"post","link":"https:\/\/ostrowskatv.pl\/?p=19651","title":{"rendered":"Po kolizji wpad\u0142 w sza\u0142 i przeklina\u0142 jak Kurdej-Szatan"},"content":{"rendered":"<p><strong>Kiedy w pi\u0105tkowe popo\u0142udnie dosz\u0142o do kolizji na alei S\u0142owackiego, a uszkodzone auta zjecha\u0142y na pobocze, po chwili dosz\u0142o do kolejnej kolizji.<\/strong><\/p>\n<p>Mercedes na wroc\u0142awskich tablicach rejestracyjnych wjecha\u0142 w ty\u0142 BMW. Z mercedesa wyskoczy\u0142 m\u0142ody m\u0119\u017cczyzna, kt\u00f3ry po obejrzeniu uszkodze\u0144 auta uderzy\u0142 w dach swojego auta i krzycza\u0142 niczym gwiazda sieci Play Barbara Kurdej &#8211; Szatan &#8222;K**waaaaaaa!&#8221; &#8222;Dlaczego dzi\u015b&#8221; &#8222;Dlaczego ta kobieta stan\u0119\u0142a nagle?!&#8221;?<br \/>\ni kolejne wulgaryzmy.<\/p>\n<p><img loading=\"lazy\" decoding=\"async\" src=\"https:\/\/ostrowskatv.pl\/wp-content\/uploads\/2022\/06\/kurdej-szatan-cenzura.jpg\" alt=\"\" width=\"400\" height=\"97\" class=\"alignnone size-full wp-image-19652\" srcset=\"https:\/\/ostrowskatv.pl\/wp-content\/uploads\/2022\/06\/kurdej-szatan-cenzura.jpg 400w, https:\/\/ostrowskatv.pl\/wp-content\/uploads\/2022\/06\/kurdej-szatan-cenzura-300x73.jpg 300w\" sizes=\"auto, (max-width: 400px) 100vw, 400px\" \/><\/p>\n<p>BMW na tymczasowych tablicach rejestracyjnych jecha\u0142y dwie m\u0142ode obywatelki Ukrainy. Wraca\u0142y z Ukrai\u0144cem z innego auta do swojego kraju by tam zawie\u017a\u0107 kupiony samoch\u00f3d.<\/p>\n<p><img loading=\"lazy\" decoding=\"async\" src=\"https:\/\/ostrowskatv.pl\/wp-content\/uploads\/2022\/06\/20220610_165502-02.jpeg\" alt=\"\" width=\"1366\" height=\"628\" class=\"alignnone size-full wp-image-19654\" srcset=\"https:\/\/ostrowskatv.pl\/wp-content\/uploads\/2022\/06\/20220610_165502-02.jpeg 1366w, https:\/\/ostrowskatv.pl\/wp-content\/uploads\/2022\/06\/20220610_165502-02-300x138.jpeg 300w, https:\/\/ostrowskatv.pl\/wp-content\/uploads\/2022\/06\/20220610_165502-02-640x294.jpeg 640w\" sizes=\"auto, (max-width: 1366px) 100vw, 1366px\" \/><\/p>\n<p><img loading=\"lazy\" decoding=\"async\" src=\"https:\/\/ostrowskatv.pl\/wp-content\/uploads\/2022\/06\/20220610_171300-01.jpeg\" alt=\"\" width=\"1366\" height=\"927\" class=\"alignnone size-full wp-image-19655\" srcset=\"https:\/\/ostrowskatv.pl\/wp-content\/uploads\/2022\/06\/20220610_171300-01.jpeg 1366w, https:\/\/ostrowskatv.pl\/wp-content\/uploads\/2022\/06\/20220610_171300-01-300x204.jpeg 300w, https:\/\/ostrowskatv.pl\/wp-content\/uploads\/2022\/06\/20220610_171300-01-530x360.jpeg 530w\" sizes=\"auto, (max-width: 1366px) 100vw, 1366px\" \/><\/p>\n<p><img loading=\"lazy\" decoding=\"async\" src=\"https:\/\/ostrowskatv.pl\/wp-content\/uploads\/2022\/06\/20220610_171245-01.jpeg\" alt=\"\" width=\"1366\" height=\"957\" class=\"alignnone size-full wp-image-19656\" srcset=\"https:\/\/ostrowskatv.pl\/wp-content\/uploads\/2022\/06\/20220610_171245-01.jpeg 1366w, https:\/\/ostrowskatv.pl\/wp-content\/uploads\/2022\/06\/20220610_171245-01-300x210.jpeg 300w, https:\/\/ostrowskatv.pl\/wp-content\/uploads\/2022\/06\/20220610_171245-01-514x360.jpeg 514w, https:\/\/ostrowskatv.pl\/wp-content\/uploads\/2022\/06\/20220610_171245-01-120x85.jpeg 120w\" sizes=\"auto, (max-width: 1366px) 100vw, 1366px\" \/><\/p>\n<p><img loading=\"lazy\" decoding=\"async\" src=\"https:\/\/ostrowskatv.pl\/wp-content\/uploads\/2022\/06\/20220610_172001-01.jpeg\" alt=\"\" width=\"1195\" height=\"1365\" class=\"alignnone size-full wp-image-19657\" srcset=\"https:\/\/ostrowskatv.pl\/wp-content\/uploads\/2022\/06\/20220610_172001-01.jpeg 1195w, https:\/\/ostrowskatv.pl\/wp-content\/uploads\/2022\/06\/20220610_172001-01-263x300.jpeg 263w, https:\/\/ostrowskatv.pl\/wp-content\/uploads\/2022\/06\/20220610_172001-01-315x360.jpeg 315w\" sizes=\"auto, (max-width: 1195px) 100vw, 1195px\" \/><\/p>\n","protected":false},"excerpt":{"rendered":"Kiedy w pi\u0105tkowe popo\u0142udnie dosz\u0142o do kolizji na alei S\u0142owackiego, a uszkodzone auta zjecha\u0142y na pobocze, po chwili dosz\u0142o do kolejnej kolizji. Mercedes \n<a class=\"moretag\" href=\"https:\/\/ostrowskatv.pl\/?p=19651\"> [...]<\/a>","protected":false},"author":1,"featured_media":19654,"comment_status":"open","ping_status":"closed","sticky":false,"template":"","format":"standard","meta":{"footnotes":""},"categories":[1],"tags":[],"class_list":["post-19651","post","type-post","status-publish","format-standard","has-post-thumbnail","hentry","category-news"],"_links":{"self":[{"href":"https:\/\/ostrowskatv.pl\/index.php?rest_route=\/wp\/v2\/posts\/19651","targetHints":{"allow":["GET"]}}],"collection":[{"href":"https:\/\/ostrowskatv.pl\/index.php?rest_route=\/wp\/v2\/posts"}],"about":[{"href":"https:\/\/ostrowskatv.pl\/index.php?rest_route=\/wp\/v2\/types\/post"}],"author":[{"embeddable":true,"href":"https:\/\/ostrowskatv.pl\/index.php?rest_route=\/wp\/v2\/users\/1"}],"replies":[{"embeddable":true,"href":"https:\/\/ostrowskatv.pl\/index.php?rest_route=%2Fwp%2Fv2%2Fcomments&post=19651"}],"version-history":[{"count":0,"href":"https:\/\/ostrowskatv.pl\/index.php?rest_route=\/wp\/v2\/posts\/19651\/revisions"}],"wp:featuredmedia":[{"embeddable":true,"href":"https:\/\/ostrowskatv.pl\/index.php?rest_route=\/wp\/v2\/media\/19654"}],"wp:attachment":[{"href":"https:\/\/ostrowskatv.pl\/index.php?rest_route=%2Fwp%2Fv2%2Fmedia&parent=19651"}],"wp:term":[{"taxonomy":"category","embeddable":true,"href":"https:\/\/ostrowskatv.pl\/index.php?rest_route=%2Fwp%2Fv2%2Fcategories&post=19651"},{"taxonomy":"post_tag","embeddable":true,"href":"https:\/\/ostrowskatv.pl\/index.php?rest_route=%2Fwp%2Fv2%2Ftags&post=19651"}],"curies":[{"name":"wp","href":"https:\/\/api.w.org\/{rel}","templated":true}]}}