{"id":19645,"date":"2022-06-10T18:57:37","date_gmt":"2022-06-10T17:57:37","guid":{"rendered":"https:\/\/ostrowskatv.pl\/?p=19645"},"modified":"2022-06-10T18:57:37","modified_gmt":"2022-06-10T17:57:37","slug":"student-nie-zaliczyl-semestru-rozbil-auta-przed-mcdonalds","status":"publish","type":"post","link":"https:\/\/ostrowskatv.pl\/?p=19645","title":{"rendered":"Student nie zaliczy\u0142 semestru. Rozbi\u0142 auta przed McDonald`s"},"content":{"rendered":"<p><strong>Student z powiatu krotoszy\u0144skiego, studiuj\u0105cy w Kaliszu, jecha\u0142 na ostatni termin egzaminu. Jad\u0105c alej\u0105 S\u0142owackiego w Ostrowie Wielkopolskim, w pobli\u017cu McDonald`s nie zauwa\u017cy\u0142, \u017ce auta zatrzymuj\u0105 si\u0119 przed \u015bwiat\u0142ami. Po chwili kieruj\u0105c renault lagun\u0105 uderzy\u0142 w ty\u0142 dwuletniej skody. Autem poszkodowanym r\u00f3wnie\u017c kierowa\u0142 student z Kalisza (mieszkaniec Rawicza).<\/strong><\/p>\n<p>Sprawca nabawi\u0142 si\u0119 urazu g\u0142owy i poprosi\u0142 o przyjazd pogotowia ratunkowego. Po chwili dosz\u0142o do drugiego zdarzenia z ciekaw\u0105 histori\u0105, ale o tym w kolejnym artykule.<\/p>\n<p><img loading=\"lazy\" decoding=\"async\" src=\"https:\/\/ostrowskatv.pl\/wp-content\/uploads\/2022\/06\/20220610_164903-01.jpeg\" alt=\"\" width=\"1366\" height=\"759\" class=\"alignnone size-full wp-image-19647\" srcset=\"https:\/\/ostrowskatv.pl\/wp-content\/uploads\/2022\/06\/20220610_164903-01.jpeg 1366w, https:\/\/ostrowskatv.pl\/wp-content\/uploads\/2022\/06\/20220610_164903-01-300x167.jpeg 300w, https:\/\/ostrowskatv.pl\/wp-content\/uploads\/2022\/06\/20220610_164903-01-640x356.jpeg 640w\" sizes=\"auto, (max-width: 1366px) 100vw, 1366px\" \/><\/p>\n<p><img loading=\"lazy\" decoding=\"async\" src=\"https:\/\/ostrowskatv.pl\/wp-content\/uploads\/2022\/06\/20220610_164911-02.jpeg\" alt=\"\" width=\"1366\" height=\"765\" class=\"alignnone size-full wp-image-19648\" srcset=\"https:\/\/ostrowskatv.pl\/wp-content\/uploads\/2022\/06\/20220610_164911-02.jpeg 1366w, https:\/\/ostrowskatv.pl\/wp-content\/uploads\/2022\/06\/20220610_164911-02-300x168.jpeg 300w, https:\/\/ostrowskatv.pl\/wp-content\/uploads\/2022\/06\/20220610_164911-02-640x358.jpeg 640w\" sizes=\"auto, (max-width: 1366px) 100vw, 1366px\" \/><\/p>\n<p><img loading=\"lazy\" decoding=\"async\" src=\"https:\/\/ostrowskatv.pl\/wp-content\/uploads\/2022\/06\/20220610_164906-01.jpeg\" alt=\"\" width=\"1366\" height=\"873\" class=\"alignnone size-full wp-image-19649\" srcset=\"https:\/\/ostrowskatv.pl\/wp-content\/uploads\/2022\/06\/20220610_164906-01.jpeg 1366w, https:\/\/ostrowskatv.pl\/wp-content\/uploads\/2022\/06\/20220610_164906-01-300x192.jpeg 300w, https:\/\/ostrowskatv.pl\/wp-content\/uploads\/2022\/06\/20220610_164906-01-563x360.jpeg 563w\" sizes=\"auto, (max-width: 1366px) 100vw, 1366px\" \/><\/p>\n","protected":false},"excerpt":{"rendered":"Student z powiatu krotoszy\u0144skiego, studiuj\u0105cy w Kaliszu, jecha\u0142 na ostatni termin egzaminu. Jad\u0105c alej\u0105 S\u0142owackiego w Ostrowie Wielkopolskim, w pobli\u017cu McDonald`s nie zauwa\u017cy\u0142, \n<a class=\"moretag\" href=\"https:\/\/ostrowskatv.pl\/?p=19645\"> [...]<\/a>","protected":false},"author":1,"featured_media":19649,"comment_status":"open","ping_status":"closed","sticky":false,"template":"","format":"standard","meta":{"footnotes":""},"categories":[1],"tags":[48],"class_list":["post-19645","post","type-post","status-publish","format-standard","has-post-thumbnail","hentry","category-news","tag-kolizja"],"_links":{"self":[{"href":"https:\/\/ostrowskatv.pl\/index.php?rest_route=\/wp\/v2\/posts\/19645","targetHints":{"allow":["GET"]}}],"collection":[{"href":"https:\/\/ostrowskatv.pl\/index.php?rest_route=\/wp\/v2\/posts"}],"about":[{"href":"https:\/\/ostrowskatv.pl\/index.php?rest_route=\/wp\/v2\/types\/post"}],"author":[{"embeddable":true,"href":"https:\/\/ostrowskatv.pl\/index.php?rest_route=\/wp\/v2\/users\/1"}],"replies":[{"embeddable":true,"href":"https:\/\/ostrowskatv.pl\/index.php?rest_route=%2Fwp%2Fv2%2Fcomments&post=19645"}],"version-history":[{"count":0,"href":"https:\/\/ostrowskatv.pl\/index.php?rest_route=\/wp\/v2\/posts\/19645\/revisions"}],"wp:featuredmedia":[{"embeddable":true,"href":"https:\/\/ostrowskatv.pl\/index.php?rest_route=\/wp\/v2\/media\/19649"}],"wp:attachment":[{"href":"https:\/\/ostrowskatv.pl\/index.php?rest_route=%2Fwp%2Fv2%2Fmedia&parent=19645"}],"wp:term":[{"taxonomy":"category","embeddable":true,"href":"https:\/\/ostrowskatv.pl\/index.php?rest_route=%2Fwp%2Fv2%2Fcategories&post=19645"},{"taxonomy":"post_tag","embeddable":true,"href":"https:\/\/ostrowskatv.pl\/index.php?rest_route=%2Fwp%2Fv2%2Ftags&post=19645"}],"curies":[{"name":"wp","href":"https:\/\/api.w.org\/{rel}","templated":true}]}}