{"id":1963,"date":"2016-08-02T16:38:41","date_gmt":"2016-08-02T15:38:41","guid":{"rendered":"http:\/\/ostrowska.tv\/?p=1963"},"modified":"2016-08-02T16:38:41","modified_gmt":"2016-08-02T15:38:41","slug":"strazacy-gasili-pozar-konewkami","status":"publish","type":"post","link":"https:\/\/ostrowskatv.pl\/?p=1963","title":{"rendered":"Stra\u017cacy gasili po\u017car konewkami"},"content":{"rendered":"<p><strong>O tym, \u017ce nie nale\u017cy pali\u0107 \u015bmieci wiedz\u0105 nawet ma\u0142e dzieci. Problemem ze zrozumieniem takich oczywisto\u015bci maj\u0105 niekt\u00f3rzy dojrzali wiekiem mieszka\u0144cy. Jeden z nich, z ulicy Ceglanej w Ostrowie Wlkp. po raz kolejny pali\u0142 odpady w ogr\u00f3dku. Tym razem s\u0105siedzi powiedzieli do\u015b\u0107 i wezwali stra\u017c po\u017carn\u0105. Dodatkowo zosta\u0142a powiadomiona stra\u017c miejska.<\/strong><\/p>\n<p>Wszystko si\u0119 dzia\u0142o przed godzin\u0105 13:00. Stra\u017cacy weszli na w\u0142a\u015bciw\u0105 dzia\u0142k\u0119 dzi\u0119ki go\u015bcinno\u015bci jednego z s\u0105siad\u00f3w. W p\u0142omieniach znajdowa\u0142y si\u0119 przedmioty, kt\u00f3re zdecydowanie nie by\u0142y ga\u0142\u0105zkami czy li\u015b\u0107mi. Stra\u017cacy dostrzegli stoj\u0105ce w pobli\u017cu konewki i wann\u0119, z kt\u00f3rej czerpali wod\u0119. Tym oto prostym sposobem ugasili ognisko i to skutecznie.<\/p>\n<p>Wydawa\u0107 by si\u0119 mog\u0142o, \u017ce to co\u015b niew\u0142a\u015bciwego. Ale z drugiej strony po co rozwija\u0107 d\u0142ugie w\u0119\u017ce, pompowa\u0107 wod\u0119 z wozu, generowa\u0107 koszty dla tak ma\u0142ego po\u017caru spowodowanego g\u0142upim zachowaniem sprawcy po\u017caru. Ten za\u015b kar\u0119 poni\u00f3s\u0142 w postaci mandatu wystawionego przez Stra\u017c Miejsk\u0105.<\/p>\n<div id='gallery-1' class='gallery galleryid-1963 gallery-columns-3 gallery-size-thumbnail'><figure class='gallery-item'>\n\t\t\t<div class='gallery-icon landscape'>\n\t\t\t\t<a href='https:\/\/ostrowskatv.pl\/?attachment_id=1964'><img loading=\"lazy\" decoding=\"async\" width=\"150\" height=\"150\" src=\"https:\/\/ostrowskatv.pl\/wp-content\/uploads\/2016\/08\/20160802_125038-150x150.jpg\" class=\"attachment-thumbnail size-thumbnail\" alt=\"\" \/><\/a>\n\t\t\t<\/div><\/figure><figure class='gallery-item'>\n\t\t\t<div class='gallery-icon landscape'>\n\t\t\t\t<a href='https:\/\/ostrowskatv.pl\/?attachment_id=1967'><img loading=\"lazy\" decoding=\"async\" width=\"150\" height=\"150\" src=\"https:\/\/ostrowskatv.pl\/wp-content\/uploads\/2016\/08\/straz-smieci-150x150.jpg\" class=\"attachment-thumbnail size-thumbnail\" alt=\"\" \/><\/a>\n\t\t\t<\/div><\/figure><figure class='gallery-item'>\n\t\t\t<div class='gallery-icon landscape'>\n\t\t\t\t<a href='https:\/\/ostrowskatv.pl\/?attachment_id=1966'><img loading=\"lazy\" decoding=\"async\" width=\"150\" height=\"150\" src=\"https:\/\/ostrowskatv.pl\/wp-content\/uploads\/2016\/08\/20160802_125730-150x150.jpg\" class=\"attachment-thumbnail size-thumbnail\" alt=\"\" \/><\/a>\n\t\t\t<\/div><\/figure><figure class='gallery-item'>\n\t\t\t<div class='gallery-icon landscape'>\n\t\t\t\t<a href='https:\/\/ostrowskatv.pl\/?attachment_id=1965'><img loading=\"lazy\" decoding=\"async\" width=\"150\" height=\"150\" src=\"https:\/\/ostrowskatv.pl\/wp-content\/uploads\/2016\/08\/20160802_125137-150x150.jpg\" class=\"attachment-thumbnail size-thumbnail\" alt=\"\" \/><\/a>\n\t\t\t<\/div><\/figure>\n\t\t<\/div>\n\n<p>&nbsp;<\/p>\n","protected":false},"excerpt":{"rendered":"O tym, \u017ce nie nale\u017cy pali\u0107 \u015bmieci wiedz\u0105 nawet ma\u0142e dzieci. Problemem ze zrozumieniem takich oczywisto\u015bci maj\u0105 niekt\u00f3rzy dojrzali wiekiem mieszka\u0144cy. Jeden z \n<a class=\"moretag\" href=\"https:\/\/ostrowskatv.pl\/?p=1963\"> [...]<\/a>","protected":false},"author":1,"featured_media":1967,"comment_status":"open","ping_status":"open","sticky":false,"template":"","format":"standard","meta":{"footnotes":""},"categories":[1],"tags":[2],"class_list":["post-1963","post","type-post","status-publish","format-standard","has-post-thumbnail","hentry","category-news","tag-ostrow-wielkopolski"],"_links":{"self":[{"href":"https:\/\/ostrowskatv.pl\/index.php?rest_route=\/wp\/v2\/posts\/1963","targetHints":{"allow":["GET"]}}],"collection":[{"href":"https:\/\/ostrowskatv.pl\/index.php?rest_route=\/wp\/v2\/posts"}],"about":[{"href":"https:\/\/ostrowskatv.pl\/index.php?rest_route=\/wp\/v2\/types\/post"}],"author":[{"embeddable":true,"href":"https:\/\/ostrowskatv.pl\/index.php?rest_route=\/wp\/v2\/users\/1"}],"replies":[{"embeddable":true,"href":"https:\/\/ostrowskatv.pl\/index.php?rest_route=%2Fwp%2Fv2%2Fcomments&post=1963"}],"version-history":[{"count":0,"href":"https:\/\/ostrowskatv.pl\/index.php?rest_route=\/wp\/v2\/posts\/1963\/revisions"}],"wp:featuredmedia":[{"embeddable":true,"href":"https:\/\/ostrowskatv.pl\/index.php?rest_route=\/wp\/v2\/media\/1967"}],"wp:attachment":[{"href":"https:\/\/ostrowskatv.pl\/index.php?rest_route=%2Fwp%2Fv2%2Fmedia&parent=1963"}],"wp:term":[{"taxonomy":"category","embeddable":true,"href":"https:\/\/ostrowskatv.pl\/index.php?rest_route=%2Fwp%2Fv2%2Fcategories&post=1963"},{"taxonomy":"post_tag","embeddable":true,"href":"https:\/\/ostrowskatv.pl\/index.php?rest_route=%2Fwp%2Fv2%2Ftags&post=1963"}],"curies":[{"name":"wp","href":"https:\/\/api.w.org\/{rel}","templated":true}]}}