{"id":19618,"date":"2022-06-09T13:58:42","date_gmt":"2022-06-09T12:58:42","guid":{"rendered":"https:\/\/ostrowskatv.pl\/?p=19618"},"modified":"2022-06-09T14:04:10","modified_gmt":"2022-06-09T13:04:10","slug":"prawo-serii-na-obwodnicy-ostrowa","status":"publish","type":"post","link":"https:\/\/ostrowskatv.pl\/?p=19618","title":{"rendered":"Prawo serii na obwodnicy Ostrowa"},"content":{"rendered":"<p><strong>Dzi\u015b dw\u00f3ch kierowc\u00f3w z powiatu ostrowskiego przekona\u0142o si\u0119 na w\u0142asnej sk\u00f3rze o istnieniu &#8222;prawa serii&#8221;. Niemal\u017ce w tym samym czasie na obwodnicy Ostrowa Wielkopolskiego dosz\u0142o do kolizji z powodu p\u0119kni\u0119cia opony.<\/strong><\/p>\n<p>Dostawczy mercedes wjecha\u0142 na obwodnic\u0119 od strony ronda Strugi. Po przejechaniu niedalekiego dystansu p\u0119k\u0142a opona w wyniku czego pojazd zjecha\u0142 na pobocze i przewr\u00f3ci\u0142 si\u0119 na bok. Kierowca dostawczego mercedesa opu\u015bci\u0142 pojazd z pomoc\u0105 \u015bwiadka zdarzenia.<\/p>\n<p><img loading=\"lazy\" decoding=\"async\" class=\"alignnone size-full wp-image-19619\" src=\"https:\/\/ostrowskatv.pl\/wp-content\/uploads\/2022\/06\/20220609_140418-01.jpeg\" alt=\"\" width=\"1366\" height=\"1025\" srcset=\"https:\/\/ostrowskatv.pl\/wp-content\/uploads\/2022\/06\/20220609_140418-01.jpeg 1366w, https:\/\/ostrowskatv.pl\/wp-content\/uploads\/2022\/06\/20220609_140418-01-300x225.jpeg 300w, https:\/\/ostrowskatv.pl\/wp-content\/uploads\/2022\/06\/20220609_140418-01-480x360.jpeg 480w\" sizes=\"auto, (max-width: 1366px) 100vw, 1366px\" \/><\/p>\n<p><img loading=\"lazy\" decoding=\"async\" class=\"alignnone size-full wp-image-19620\" src=\"https:\/\/ostrowskatv.pl\/wp-content\/uploads\/2022\/06\/20220609_140433-01.jpeg\" alt=\"\" width=\"1366\" height=\"618\" srcset=\"https:\/\/ostrowskatv.pl\/wp-content\/uploads\/2022\/06\/20220609_140433-01.jpeg 1366w, https:\/\/ostrowskatv.pl\/wp-content\/uploads\/2022\/06\/20220609_140433-01-300x136.jpeg 300w, https:\/\/ostrowskatv.pl\/wp-content\/uploads\/2022\/06\/20220609_140433-01-640x290.jpeg 640w\" sizes=\"auto, (max-width: 1366px) 100vw, 1366px\" \/><\/p>\n<p><img loading=\"lazy\" decoding=\"async\" class=\"alignnone size-full wp-image-19621\" src=\"https:\/\/ostrowskatv.pl\/wp-content\/uploads\/2022\/06\/20220609_140551-01.jpeg\" alt=\"\" width=\"1365\" height=\"906\" srcset=\"https:\/\/ostrowskatv.pl\/wp-content\/uploads\/2022\/06\/20220609_140551-01.jpeg 1365w, https:\/\/ostrowskatv.pl\/wp-content\/uploads\/2022\/06\/20220609_140551-01-300x199.jpeg 300w, https:\/\/ostrowskatv.pl\/wp-content\/uploads\/2022\/06\/20220609_140551-01-542x360.jpeg 542w\" sizes=\"auto, (max-width: 1365px) 100vw, 1365px\" \/><\/p>\n<p><img loading=\"lazy\" decoding=\"async\" class=\"alignnone size-full wp-image-19622\" src=\"https:\/\/ostrowskatv.pl\/wp-content\/uploads\/2022\/06\/20220609_140555-01.jpeg\" alt=\"\" width=\"1366\" height=\"844\" srcset=\"https:\/\/ostrowskatv.pl\/wp-content\/uploads\/2022\/06\/20220609_140555-01.jpeg 1366w, https:\/\/ostrowskatv.pl\/wp-content\/uploads\/2022\/06\/20220609_140555-01-300x185.jpeg 300w, https:\/\/ostrowskatv.pl\/wp-content\/uploads\/2022\/06\/20220609_140555-01-583x360.jpeg 583w\" sizes=\"auto, (max-width: 1366px) 100vw, 1366px\" \/><\/p>\n<p><img loading=\"lazy\" decoding=\"async\" class=\"alignnone size-full wp-image-19623\" src=\"https:\/\/ostrowskatv.pl\/wp-content\/uploads\/2022\/06\/20220609_140712-01.jpeg\" alt=\"\" width=\"1366\" height=\"957\" srcset=\"https:\/\/ostrowskatv.pl\/wp-content\/uploads\/2022\/06\/20220609_140712-01.jpeg 1366w, https:\/\/ostrowskatv.pl\/wp-content\/uploads\/2022\/06\/20220609_140712-01-300x210.jpeg 300w, https:\/\/ostrowskatv.pl\/wp-content\/uploads\/2022\/06\/20220609_140712-01-514x360.jpeg 514w, https:\/\/ostrowskatv.pl\/wp-content\/uploads\/2022\/06\/20220609_140712-01-120x85.jpeg 120w\" sizes=\"auto, (max-width: 1366px) 100vw, 1366px\" \/><\/p>\n<p><img loading=\"lazy\" decoding=\"async\" class=\"alignnone size-full wp-image-19624\" src=\"https:\/\/ostrowskatv.pl\/wp-content\/uploads\/2022\/06\/20220609_140735-01.jpeg\" alt=\"\" width=\"1366\" height=\"1007\" srcset=\"https:\/\/ostrowskatv.pl\/wp-content\/uploads\/2022\/06\/20220609_140735-01.jpeg 1366w, https:\/\/ostrowskatv.pl\/wp-content\/uploads\/2022\/06\/20220609_140735-01-300x221.jpeg 300w, https:\/\/ostrowskatv.pl\/wp-content\/uploads\/2022\/06\/20220609_140735-01-488x360.jpeg 488w\" sizes=\"auto, (max-width: 1366px) 100vw, 1366px\" \/><\/p>\n<p><img loading=\"lazy\" decoding=\"async\" class=\"alignnone size-full wp-image-19625\" src=\"https:\/\/ostrowskatv.pl\/wp-content\/uploads\/2022\/06\/20220609_140743-01.jpeg\" alt=\"\" width=\"1366\" height=\"937\" srcset=\"https:\/\/ostrowskatv.pl\/wp-content\/uploads\/2022\/06\/20220609_140743-01.jpeg 1366w, https:\/\/ostrowskatv.pl\/wp-content\/uploads\/2022\/06\/20220609_140743-01-300x206.jpeg 300w, https:\/\/ostrowskatv.pl\/wp-content\/uploads\/2022\/06\/20220609_140743-01-525x360.jpeg 525w\" sizes=\"auto, (max-width: 1366px) 100vw, 1366px\" \/><\/p>\n<p><img loading=\"lazy\" decoding=\"async\" class=\"alignnone size-full wp-image-19626\" src=\"https:\/\/ostrowskatv.pl\/wp-content\/uploads\/2022\/06\/20220609_140813-01.jpeg\" alt=\"\" width=\"1366\" height=\"1025\" srcset=\"https:\/\/ostrowskatv.pl\/wp-content\/uploads\/2022\/06\/20220609_140813-01.jpeg 1366w, https:\/\/ostrowskatv.pl\/wp-content\/uploads\/2022\/06\/20220609_140813-01-300x225.jpeg 300w, https:\/\/ostrowskatv.pl\/wp-content\/uploads\/2022\/06\/20220609_140813-01-480x360.jpeg 480w\" sizes=\"auto, (max-width: 1366px) 100vw, 1366px\" \/><\/p>\n<p>Kilka kilometr\u00f3w dalej kierowca forda jecha\u0142 z przyczepk\u0105 wype\u0142nion\u0105 drewnem. Nagle p\u0119k\u0142a opona i pojazd uderzy\u0142 w barier\u0119 energoch\u0142onn\u0105. Mieszka\u0144c\u00f3w gminy Odolan\u00f3w nic si\u0119 nie sta\u0142o. Wymieni\u0142 opon\u0119 i zosta\u0142 odholowany.<\/p>\n<p><img loading=\"lazy\" decoding=\"async\" class=\"alignnone size-full wp-image-19627\" src=\"https:\/\/ostrowskatv.pl\/wp-content\/uploads\/2022\/06\/20220609_134913-02.jpeg\" alt=\"\" width=\"1366\" height=\"739\" srcset=\"https:\/\/ostrowskatv.pl\/wp-content\/uploads\/2022\/06\/20220609_134913-02.jpeg 1366w, https:\/\/ostrowskatv.pl\/wp-content\/uploads\/2022\/06\/20220609_134913-02-300x162.jpeg 300w, https:\/\/ostrowskatv.pl\/wp-content\/uploads\/2022\/06\/20220609_134913-02-640x346.jpeg 640w\" sizes=\"auto, (max-width: 1366px) 100vw, 1366px\" \/><\/p>\n<p><img loading=\"lazy\" decoding=\"async\" class=\"alignnone size-full wp-image-19628\" src=\"https:\/\/ostrowskatv.pl\/wp-content\/uploads\/2022\/06\/20220609_134956-01.jpeg\" alt=\"\" width=\"1366\" height=\"1025\" srcset=\"https:\/\/ostrowskatv.pl\/wp-content\/uploads\/2022\/06\/20220609_134956-01.jpeg 1366w, https:\/\/ostrowskatv.pl\/wp-content\/uploads\/2022\/06\/20220609_134956-01-300x225.jpeg 300w, https:\/\/ostrowskatv.pl\/wp-content\/uploads\/2022\/06\/20220609_134956-01-480x360.jpeg 480w\" sizes=\"auto, (max-width: 1366px) 100vw, 1366px\" \/><\/p>\n<p><img loading=\"lazy\" decoding=\"async\" class=\"alignnone size-full wp-image-19629\" src=\"https:\/\/ostrowskatv.pl\/wp-content\/uploads\/2022\/06\/20220609_134909-01.jpeg\" alt=\"\" width=\"1366\" height=\"1025\" srcset=\"https:\/\/ostrowskatv.pl\/wp-content\/uploads\/2022\/06\/20220609_134909-01.jpeg 1366w, https:\/\/ostrowskatv.pl\/wp-content\/uploads\/2022\/06\/20220609_134909-01-300x225.jpeg 300w, https:\/\/ostrowskatv.pl\/wp-content\/uploads\/2022\/06\/20220609_134909-01-480x360.jpeg 480w\" sizes=\"auto, (max-width: 1366px) 100vw, 1366px\" \/><\/p>\n<p><img loading=\"lazy\" decoding=\"async\" class=\"alignnone size-full wp-image-19632\" src=\"https:\/\/ostrowskatv.pl\/wp-content\/uploads\/2022\/06\/IMG-20220609-WA0014-01.jpeg\" alt=\"\" width=\"1365\" height=\"768\" srcset=\"https:\/\/ostrowskatv.pl\/wp-content\/uploads\/2022\/06\/IMG-20220609-WA0014-01.jpeg 1365w, https:\/\/ostrowskatv.pl\/wp-content\/uploads\/2022\/06\/IMG-20220609-WA0014-01-300x169.jpeg 300w, https:\/\/ostrowskatv.pl\/wp-content\/uploads\/2022\/06\/IMG-20220609-WA0014-01-640x360.jpeg 640w\" sizes=\"auto, (max-width: 1365px) 100vw, 1365px\" \/> <img loading=\"lazy\" decoding=\"async\" class=\"alignnone size-full wp-image-19633\" src=\"https:\/\/ostrowskatv.pl\/wp-content\/uploads\/2022\/06\/IMG-20220609-WA0017-01.jpeg\" alt=\"\" width=\"1365\" height=\"768\" srcset=\"https:\/\/ostrowskatv.pl\/wp-content\/uploads\/2022\/06\/IMG-20220609-WA0017-01.jpeg 1365w, https:\/\/ostrowskatv.pl\/wp-content\/uploads\/2022\/06\/IMG-20220609-WA0017-01-300x169.jpeg 300w, https:\/\/ostrowskatv.pl\/wp-content\/uploads\/2022\/06\/IMG-20220609-WA0017-01-640x360.jpeg 640w\" sizes=\"auto, (max-width: 1365px) 100vw, 1365px\" \/><\/p>\n<p>Prawo serii:<br \/>\nJest to obserwacja, \u017ce pewne zdarzenia uwa\u017cane za rzadkie maj\u0105 sk\u0142onno\u015b\u0107 do powtarzania si\u0119 w kr\u00f3tkim czasie po pierwszym wyst\u0105pieniu. Wydaje si\u0119 przy tym, \u017ce powt\u00f3rzenia takie pojawiaj\u0105 si\u0119 cz\u0119\u015bciej ni\u017c by\u015bmy tego oczekiwali.<\/p>\n","protected":false},"excerpt":{"rendered":"Dzi\u015b dw\u00f3ch kierowc\u00f3w z powiatu ostrowskiego przekona\u0142o si\u0119 na w\u0142asnej sk\u00f3rze o istnieniu &#8222;prawa serii&#8221;. Niemal\u017ce w tym samym czasie na obwodnicy Ostrowa \n<a class=\"moretag\" href=\"https:\/\/ostrowskatv.pl\/?p=19618\"> [...]<\/a>","protected":false},"author":1,"featured_media":19622,"comment_status":"open","ping_status":"closed","sticky":false,"template":"","format":"standard","meta":{"footnotes":""},"categories":[1],"tags":[48],"class_list":["post-19618","post","type-post","status-publish","format-standard","has-post-thumbnail","hentry","category-news","tag-kolizja"],"_links":{"self":[{"href":"https:\/\/ostrowskatv.pl\/index.php?rest_route=\/wp\/v2\/posts\/19618","targetHints":{"allow":["GET"]}}],"collection":[{"href":"https:\/\/ostrowskatv.pl\/index.php?rest_route=\/wp\/v2\/posts"}],"about":[{"href":"https:\/\/ostrowskatv.pl\/index.php?rest_route=\/wp\/v2\/types\/post"}],"author":[{"embeddable":true,"href":"https:\/\/ostrowskatv.pl\/index.php?rest_route=\/wp\/v2\/users\/1"}],"replies":[{"embeddable":true,"href":"https:\/\/ostrowskatv.pl\/index.php?rest_route=%2Fwp%2Fv2%2Fcomments&post=19618"}],"version-history":[{"count":0,"href":"https:\/\/ostrowskatv.pl\/index.php?rest_route=\/wp\/v2\/posts\/19618\/revisions"}],"wp:featuredmedia":[{"embeddable":true,"href":"https:\/\/ostrowskatv.pl\/index.php?rest_route=\/wp\/v2\/media\/19622"}],"wp:attachment":[{"href":"https:\/\/ostrowskatv.pl\/index.php?rest_route=%2Fwp%2Fv2%2Fmedia&parent=19618"}],"wp:term":[{"taxonomy":"category","embeddable":true,"href":"https:\/\/ostrowskatv.pl\/index.php?rest_route=%2Fwp%2Fv2%2Fcategories&post=19618"},{"taxonomy":"post_tag","embeddable":true,"href":"https:\/\/ostrowskatv.pl\/index.php?rest_route=%2Fwp%2Fv2%2Ftags&post=19618"}],"curies":[{"name":"wp","href":"https:\/\/api.w.org\/{rel}","templated":true}]}}