{"id":19605,"date":"2022-06-07T17:02:09","date_gmt":"2022-06-07T16:02:09","guid":{"rendered":"https:\/\/ostrowskatv.pl\/?p=19605"},"modified":"2022-06-07T17:02:22","modified_gmt":"2022-06-07T16:02:22","slug":"nastepny-dramat-w-bocianim-gniezdzie-co-sie-dzieje-z-matka","status":"publish","type":"post","link":"https:\/\/ostrowskatv.pl\/?p=19605","title":{"rendered":"Nast\u0119pny dramat w bocianim gnie\u017adzie. Co si\u0119 dzieje z matk\u0105?"},"content":{"rendered":"<p><strong>Bociani\u0105 rodzin\u0119 z Przygodzic dotkn\u0119\u0142a kolejna tragedia, kt\u00f3ra mo\u017ce rzutowa\u0107 na wyprowadzenia tegorocznego l\u0119gu. W gnie\u017adzie jest raptem jeden m\u0142ody bocian. Wydawa\u0107 by si\u0119 mog\u0142o, \u017ce ta sytuacja spowoduje obfito\u015b\u0107 posi\u0142k\u00f3w dla jedynka, ale jest zupe\u0142nie odwrotnie.<\/strong><\/p>\n<p>Od kilku dni do gniazda nie wraca bociania mama. Obserwatorzy spekuluj\u0105, \u017ce spowodowane jest to ci\u0105g\u0142ymi atakami obcego bociana na gniazdo. Samica, by\u0107 mo\u017ce w trosce o w\u0142asne bezpiecze\u0144stwo, zatraci\u0142a instynkt wychowawczy. Niewykluczone, \u017ce zosta\u0142a ranna lub co\u015b innego jej si\u0119 sta\u0142o. <\/p>\n<p>Obecnie na gnie\u017adzie pozostaje tylko ojciec, kt\u00f3ry tylko w godzinach wczesno porannych leci na \u017cerowisko. Przez kolejn\u0105 cz\u0119\u015b\u0107 dnia pilnuje malca. W normalnych warunkach piskl\u0119 by\u0142oby karmione kilka razy dziennie. Wycie\u0144czenie niestety post\u0119puje. <\/p>\n<p>Mi\u0142o\u015bnicy bocianiej rodziny postanowili nie siedzie\u0107 z za\u0142o\u017conymi r\u0119koma. Przygotowali sto\u0142\u00f3wk\u0119, ale p\u00f3ki co doros\u0142y bocian z niej nie korzysta. Jest bardziej przekonany do naturalnych \u017cerowisk, ale te s\u0105 znacznie oddalone od gniazda.<\/p>\n<p>Obserwatorzy odnotowali, \u017ce samiec nawet przez 16 godzin nie je. Jednocze\u015bnie odgania intruza i chroni malucha. Od 2006 roku, gdy uruchomiono przekaz internetowy, w gnie\u017adzie z\u0142o\u017cone zosta\u0142o 60 jaj, z kt\u00f3rych wyklu\u0142o si\u0119 57 piskl\u0105t, a 40 z nich osi\u0105gn\u0119\u0142o lotno\u015b\u0107.<\/p>\n<p>W przygotowanej sto\u0142\u00f3wce znajduj\u0105 si\u0119 \u017cywe i martwe rybki, a tak\u017ce surowe mi\u0119so w kawa\u0142kach. Rozwa\u017cano dokarmianie bociana za pomoc\u0105 drona, ale ten nie mia\u0142 systemu spustowego oraz m\u00f3g\u0142 zbytnio straszy\u0107 ptaki.<\/p>\n<p><img loading=\"lazy\" decoding=\"async\" src=\"https:\/\/ostrowskatv.pl\/wp-content\/uploads\/2022\/06\/20220607_162923-01.jpeg\" alt=\"\" width=\"794\" height=\"1366\" class=\"alignnone size-full wp-image-19607\" srcset=\"https:\/\/ostrowskatv.pl\/wp-content\/uploads\/2022\/06\/20220607_162923-01.jpeg 794w, https:\/\/ostrowskatv.pl\/wp-content\/uploads\/2022\/06\/20220607_162923-01-174x300.jpeg 174w, https:\/\/ostrowskatv.pl\/wp-content\/uploads\/2022\/06\/20220607_162923-01-209x360.jpeg 209w\" sizes=\"auto, (max-width: 794px) 100vw, 794px\" \/><\/p>\n<p><img loading=\"lazy\" decoding=\"async\" src=\"https:\/\/ostrowskatv.pl\/wp-content\/uploads\/2022\/06\/20220607_162932-01.jpeg\" alt=\"\" width=\"1154\" height=\"1366\" class=\"alignnone size-full wp-image-19608\" srcset=\"https:\/\/ostrowskatv.pl\/wp-content\/uploads\/2022\/06\/20220607_162932-01.jpeg 1154w, https:\/\/ostrowskatv.pl\/wp-content\/uploads\/2022\/06\/20220607_162932-01-253x300.jpeg 253w, https:\/\/ostrowskatv.pl\/wp-content\/uploads\/2022\/06\/20220607_162932-01-304x360.jpeg 304w\" sizes=\"auto, (max-width: 1154px) 100vw, 1154px\" \/><\/p>\n<p><img loading=\"lazy\" decoding=\"async\" src=\"https:\/\/ostrowskatv.pl\/wp-content\/uploads\/2022\/06\/20220607_162940-01.jpeg\" alt=\"\" width=\"1366\" height=\"1025\" class=\"alignnone size-full wp-image-19609\" srcset=\"https:\/\/ostrowskatv.pl\/wp-content\/uploads\/2022\/06\/20220607_162940-01.jpeg 1366w, https:\/\/ostrowskatv.pl\/wp-content\/uploads\/2022\/06\/20220607_162940-01-300x225.jpeg 300w, https:\/\/ostrowskatv.pl\/wp-content\/uploads\/2022\/06\/20220607_162940-01-480x360.jpeg 480w\" sizes=\"auto, (max-width: 1366px) 100vw, 1366px\" \/><\/p>\n<p><img loading=\"lazy\" decoding=\"async\" src=\"https:\/\/ostrowskatv.pl\/wp-content\/uploads\/2022\/06\/20220607_162952-01.jpeg\" alt=\"\" width=\"1366\" height=\"1025\" class=\"alignnone size-full wp-image-19610\" srcset=\"https:\/\/ostrowskatv.pl\/wp-content\/uploads\/2022\/06\/20220607_162952-01.jpeg 1366w, https:\/\/ostrowskatv.pl\/wp-content\/uploads\/2022\/06\/20220607_162952-01-300x225.jpeg 300w, https:\/\/ostrowskatv.pl\/wp-content\/uploads\/2022\/06\/20220607_162952-01-480x360.jpeg 480w\" sizes=\"auto, (max-width: 1366px) 100vw, 1366px\" \/><\/p>\n<p><img loading=\"lazy\" decoding=\"async\" src=\"https:\/\/ostrowskatv.pl\/wp-content\/uploads\/2022\/06\/20220607_163001-01.jpeg\" alt=\"\" width=\"1366\" height=\"1025\" class=\"alignnone size-full wp-image-19611\" srcset=\"https:\/\/ostrowskatv.pl\/wp-content\/uploads\/2022\/06\/20220607_163001-01.jpeg 1366w, https:\/\/ostrowskatv.pl\/wp-content\/uploads\/2022\/06\/20220607_163001-01-300x225.jpeg 300w, https:\/\/ostrowskatv.pl\/wp-content\/uploads\/2022\/06\/20220607_163001-01-480x360.jpeg 480w\" sizes=\"auto, (max-width: 1366px) 100vw, 1366px\" \/><\/p>\n<p><img loading=\"lazy\" decoding=\"async\" src=\"https:\/\/ostrowskatv.pl\/wp-content\/uploads\/2022\/06\/20220607_163051-01.jpeg\" alt=\"\" width=\"1366\" height=\"989\" class=\"alignnone size-full wp-image-19612\" srcset=\"https:\/\/ostrowskatv.pl\/wp-content\/uploads\/2022\/06\/20220607_163051-01.jpeg 1366w, https:\/\/ostrowskatv.pl\/wp-content\/uploads\/2022\/06\/20220607_163051-01-300x217.jpeg 300w, https:\/\/ostrowskatv.pl\/wp-content\/uploads\/2022\/06\/20220607_163051-01-497x360.jpeg 497w\" sizes=\"auto, (max-width: 1366px) 100vw, 1366px\" \/><\/p>\n<p><img loading=\"lazy\" decoding=\"async\" src=\"https:\/\/ostrowskatv.pl\/wp-content\/uploads\/2022\/06\/20220607_1630362-01.jpeg\" alt=\"\" width=\"1366\" height=\"1040\" class=\"alignnone size-full wp-image-19613\" srcset=\"https:\/\/ostrowskatv.pl\/wp-content\/uploads\/2022\/06\/20220607_1630362-01.jpeg 1366w, https:\/\/ostrowskatv.pl\/wp-content\/uploads\/2022\/06\/20220607_1630362-01-300x228.jpeg 300w, https:\/\/ostrowskatv.pl\/wp-content\/uploads\/2022\/06\/20220607_1630362-01-473x360.jpeg 473w\" sizes=\"auto, (max-width: 1366px) 100vw, 1366px\" \/><\/p>\n","protected":false},"excerpt":{"rendered":"Bociani\u0105 rodzin\u0119 z Przygodzic dotkn\u0119\u0142a kolejna tragedia, kt\u00f3ra mo\u017ce rzutowa\u0107 na wyprowadzenia tegorocznego l\u0119gu. W gnie\u017adzie jest raptem jeden m\u0142ody bocian. Wydawa\u0107 by \n<a class=\"moretag\" href=\"https:\/\/ostrowskatv.pl\/?p=19605\"> [...]<\/a>","protected":false},"author":1,"featured_media":19613,"comment_status":"open","ping_status":"closed","sticky":false,"template":"","format":"standard","meta":{"footnotes":""},"categories":[1],"tags":[27],"class_list":["post-19605","post","type-post","status-publish","format-standard","has-post-thumbnail","hentry","category-news","tag-przygodzice"],"_links":{"self":[{"href":"https:\/\/ostrowskatv.pl\/index.php?rest_route=\/wp\/v2\/posts\/19605","targetHints":{"allow":["GET"]}}],"collection":[{"href":"https:\/\/ostrowskatv.pl\/index.php?rest_route=\/wp\/v2\/posts"}],"about":[{"href":"https:\/\/ostrowskatv.pl\/index.php?rest_route=\/wp\/v2\/types\/post"}],"author":[{"embeddable":true,"href":"https:\/\/ostrowskatv.pl\/index.php?rest_route=\/wp\/v2\/users\/1"}],"replies":[{"embeddable":true,"href":"https:\/\/ostrowskatv.pl\/index.php?rest_route=%2Fwp%2Fv2%2Fcomments&post=19605"}],"version-history":[{"count":0,"href":"https:\/\/ostrowskatv.pl\/index.php?rest_route=\/wp\/v2\/posts\/19605\/revisions"}],"wp:featuredmedia":[{"embeddable":true,"href":"https:\/\/ostrowskatv.pl\/index.php?rest_route=\/wp\/v2\/media\/19613"}],"wp:attachment":[{"href":"https:\/\/ostrowskatv.pl\/index.php?rest_route=%2Fwp%2Fv2%2Fmedia&parent=19605"}],"wp:term":[{"taxonomy":"category","embeddable":true,"href":"https:\/\/ostrowskatv.pl\/index.php?rest_route=%2Fwp%2Fv2%2Fcategories&post=19605"},{"taxonomy":"post_tag","embeddable":true,"href":"https:\/\/ostrowskatv.pl\/index.php?rest_route=%2Fwp%2Fv2%2Ftags&post=19605"}],"curies":[{"name":"wp","href":"https:\/\/api.w.org\/{rel}","templated":true}]}}