{"id":19592,"date":"2022-06-07T06:24:58","date_gmt":"2022-06-07T05:24:58","guid":{"rendered":"https:\/\/ostrowskatv.pl\/?p=19592"},"modified":"2022-06-07T06:24:58","modified_gmt":"2022-06-07T05:24:58","slug":"mercedesem-wjechal-w-slup-i-uciekl-na-posesje","status":"publish","type":"post","link":"https:\/\/ostrowskatv.pl\/?p=19592","title":{"rendered":"Mercedesem wjecha\u0142 w s\u0142up i uciek\u0142 na posesj\u0119"},"content":{"rendered":"<p><strong>Prawie 2,5 promila wydmucha\u0142 kierowca mercedesa w pi\u0105tkowe popo\u0142udnie. O godzinie 16.30 uderzy\u0142 w s\u0142up po czym odjecha\u0142 na jedn\u0105 z posesji w Gorzycach Wielkich przy ulicy Agrestowej. <\/strong><\/p>\n<p>Zosta\u0142 zatrzymany przez patrol z gminy, kt\u00f3ry wezwa\u0142 do pomocy koleg\u00f3w z drog\u00f3wki. Ci wykonali ogl\u0119dziny pojazdu i sporz\u0105dzili dokumentacj\u0119, kt\u00f3ra b\u0119dzie podstaw\u0105 do ukarania m\u0119\u017cczyzny.<\/p>\n<p><img loading=\"lazy\" decoding=\"async\" src=\"https:\/\/ostrowskatv.pl\/wp-content\/uploads\/2022\/06\/received_687171815678239-01.jpeg\" alt=\"\" width=\"1134\" height=\"708\" class=\"alignnone size-full wp-image-19593\" srcset=\"https:\/\/ostrowskatv.pl\/wp-content\/uploads\/2022\/06\/received_687171815678239-01.jpeg 1134w, https:\/\/ostrowskatv.pl\/wp-content\/uploads\/2022\/06\/received_687171815678239-01-300x187.jpeg 300w, https:\/\/ostrowskatv.pl\/wp-content\/uploads\/2022\/06\/received_687171815678239-01-577x360.jpeg 577w\" sizes=\"auto, (max-width: 1134px) 100vw, 1134px\" \/><\/p>\n<p><img loading=\"lazy\" decoding=\"async\" src=\"https:\/\/ostrowskatv.pl\/wp-content\/uploads\/2022\/06\/received_551979983234538-01.jpeg\" alt=\"\" width=\"1366\" height=\"1025\" class=\"alignnone size-full wp-image-19594\" srcset=\"https:\/\/ostrowskatv.pl\/wp-content\/uploads\/2022\/06\/received_551979983234538-01.jpeg 1366w, https:\/\/ostrowskatv.pl\/wp-content\/uploads\/2022\/06\/received_551979983234538-01-300x225.jpeg 300w, https:\/\/ostrowskatv.pl\/wp-content\/uploads\/2022\/06\/received_551979983234538-01-480x360.jpeg 480w\" sizes=\"auto, (max-width: 1366px) 100vw, 1366px\" \/><\/p>\n","protected":false},"excerpt":{"rendered":"Prawie 2,5 promila wydmucha\u0142 kierowca mercedesa w pi\u0105tkowe popo\u0142udnie. O godzinie 16.30 uderzy\u0142 w s\u0142up po czym odjecha\u0142 na jedn\u0105 z posesji w \n<a class=\"moretag\" href=\"https:\/\/ostrowskatv.pl\/?p=19592\"> [...]<\/a>","protected":false},"author":1,"featured_media":19594,"comment_status":"open","ping_status":"closed","sticky":false,"template":"","format":"standard","meta":{"footnotes":""},"categories":[1],"tags":[48],"class_list":["post-19592","post","type-post","status-publish","format-standard","has-post-thumbnail","hentry","category-news","tag-kolizja"],"_links":{"self":[{"href":"https:\/\/ostrowskatv.pl\/index.php?rest_route=\/wp\/v2\/posts\/19592","targetHints":{"allow":["GET"]}}],"collection":[{"href":"https:\/\/ostrowskatv.pl\/index.php?rest_route=\/wp\/v2\/posts"}],"about":[{"href":"https:\/\/ostrowskatv.pl\/index.php?rest_route=\/wp\/v2\/types\/post"}],"author":[{"embeddable":true,"href":"https:\/\/ostrowskatv.pl\/index.php?rest_route=\/wp\/v2\/users\/1"}],"replies":[{"embeddable":true,"href":"https:\/\/ostrowskatv.pl\/index.php?rest_route=%2Fwp%2Fv2%2Fcomments&post=19592"}],"version-history":[{"count":0,"href":"https:\/\/ostrowskatv.pl\/index.php?rest_route=\/wp\/v2\/posts\/19592\/revisions"}],"wp:featuredmedia":[{"embeddable":true,"href":"https:\/\/ostrowskatv.pl\/index.php?rest_route=\/wp\/v2\/media\/19594"}],"wp:attachment":[{"href":"https:\/\/ostrowskatv.pl\/index.php?rest_route=%2Fwp%2Fv2%2Fmedia&parent=19592"}],"wp:term":[{"taxonomy":"category","embeddable":true,"href":"https:\/\/ostrowskatv.pl\/index.php?rest_route=%2Fwp%2Fv2%2Fcategories&post=19592"},{"taxonomy":"post_tag","embeddable":true,"href":"https:\/\/ostrowskatv.pl\/index.php?rest_route=%2Fwp%2Fv2%2Ftags&post=19592"}],"curies":[{"name":"wp","href":"https:\/\/api.w.org\/{rel}","templated":true}]}}