{"id":19544,"date":"2022-06-05T06:29:07","date_gmt":"2022-06-05T05:29:07","guid":{"rendered":"https:\/\/ostrowskatv.pl\/?p=19544"},"modified":"2022-06-05T06:29:27","modified_gmt":"2022-06-05T05:29:27","slug":"pozar-budynku-po-grillu-i-strzaly","status":"publish","type":"post","link":"https:\/\/ostrowskatv.pl\/?p=19544","title":{"rendered":"Strza\u0142y i po\u017car budynku po grillu"},"content":{"rendered":"<p><strong>Minionej nocy w Odolanowie dosz\u0142o do dw\u00f3ch wydarze\u0144, kt\u00f3ry wzbudzi\u0142y niepok\u00f3j u cz\u0119\u015bci mieszka\u0144c\u00f3w. W rejonie ulic S\u0142onecznej i Ludomiry Namys\u0142 o 1.30 zauwa\u017cono po\u017car budynku. Po przyje\u017adzie na miejsce okaza\u0142o si\u0119, \u017ce p\u0142onie budynek, w kt\u00f3rym mie\u015bci\u0142 si\u0119 lokal gastronomiczny. <\/strong><\/p>\n<p>Wcze\u015bniej w pobli\u017cu by\u0142 organizowany grill. Po imprezie dosz\u0142o do przeniesienia si\u0119 ognia z murowanego grilla do obiektu. Ogie\u0144 obejmowa\u0142 dach. Stra\u017cacy, \u017ceby m\u00f3c skutecznie ugasi\u0107, musieli zdemontowa\u0107 panele fotowoltaiczne zamontowane na dachu.<\/p>\n<p>Przed godzin\u0105 2 na ulicy Gimnazjalnej w Odolanowie mieszka\u0144cy s\u0142yszeli strza\u0142y. Okaza\u0142o si\u0119, \u017ce to samoch\u00f3d z zamontowanym &#8222;strzelaj\u0105cym&#8221; t\u0142umikiem. <\/p>\n<p><img loading=\"lazy\" decoding=\"async\" src=\"https:\/\/ostrowskatv.pl\/wp-content\/uploads\/2022\/06\/odolanow_grupa.jpg\" alt=\"\" width=\"687\" height=\"309\" class=\"alignnone size-full wp-image-19578\" srcset=\"https:\/\/ostrowskatv.pl\/wp-content\/uploads\/2022\/06\/odolanow_grupa.jpg 687w, https:\/\/ostrowskatv.pl\/wp-content\/uploads\/2022\/06\/odolanow_grupa-300x135.jpg 300w, https:\/\/ostrowskatv.pl\/wp-content\/uploads\/2022\/06\/odolanow_grupa-640x288.jpg 640w\" sizes=\"auto, (max-width: 687px) 100vw, 687px\" \/><\/p>\n<p><img loading=\"lazy\" decoding=\"async\" src=\"https:\/\/ostrowskatv.pl\/wp-content\/uploads\/2022\/06\/sloneczna_odolanow.jpg\" alt=\"\" width=\"1641\" height=\"687\" class=\"alignnone size-full wp-image-19579\" srcset=\"https:\/\/ostrowskatv.pl\/wp-content\/uploads\/2022\/06\/sloneczna_odolanow.jpg 1641w, https:\/\/ostrowskatv.pl\/wp-content\/uploads\/2022\/06\/sloneczna_odolanow-300x126.jpg 300w, https:\/\/ostrowskatv.pl\/wp-content\/uploads\/2022\/06\/sloneczna_odolanow-640x268.jpg 640w, https:\/\/ostrowskatv.pl\/wp-content\/uploads\/2022\/06\/sloneczna_odolanow-1536x643.jpg 1536w\" sizes=\"auto, (max-width: 1641px) 100vw, 1641px\" \/><\/p>\n","protected":false},"excerpt":{"rendered":"Minionej nocy w Odolanowie dosz\u0142o do dw\u00f3ch wydarze\u0144, kt\u00f3ry wzbudzi\u0142y niepok\u00f3j u cz\u0119\u015bci mieszka\u0144c\u00f3w. W rejonie ulic S\u0142onecznej i Ludomiry Namys\u0142 o 1.30 \n<a class=\"moretag\" href=\"https:\/\/ostrowskatv.pl\/?p=19544\"> [...]<\/a>","protected":false},"author":1,"featured_media":3103,"comment_status":"open","ping_status":"closed","sticky":false,"template":"","format":"standard","meta":{"footnotes":""},"categories":[1],"tags":[38],"class_list":["post-19544","post","type-post","status-publish","format-standard","has-post-thumbnail","hentry","category-news","tag-odolanow"],"_links":{"self":[{"href":"https:\/\/ostrowskatv.pl\/index.php?rest_route=\/wp\/v2\/posts\/19544","targetHints":{"allow":["GET"]}}],"collection":[{"href":"https:\/\/ostrowskatv.pl\/index.php?rest_route=\/wp\/v2\/posts"}],"about":[{"href":"https:\/\/ostrowskatv.pl\/index.php?rest_route=\/wp\/v2\/types\/post"}],"author":[{"embeddable":true,"href":"https:\/\/ostrowskatv.pl\/index.php?rest_route=\/wp\/v2\/users\/1"}],"replies":[{"embeddable":true,"href":"https:\/\/ostrowskatv.pl\/index.php?rest_route=%2Fwp%2Fv2%2Fcomments&post=19544"}],"version-history":[{"count":0,"href":"https:\/\/ostrowskatv.pl\/index.php?rest_route=\/wp\/v2\/posts\/19544\/revisions"}],"wp:featuredmedia":[{"embeddable":true,"href":"https:\/\/ostrowskatv.pl\/index.php?rest_route=\/wp\/v2\/media\/3103"}],"wp:attachment":[{"href":"https:\/\/ostrowskatv.pl\/index.php?rest_route=%2Fwp%2Fv2%2Fmedia&parent=19544"}],"wp:term":[{"taxonomy":"category","embeddable":true,"href":"https:\/\/ostrowskatv.pl\/index.php?rest_route=%2Fwp%2Fv2%2Fcategories&post=19544"},{"taxonomy":"post_tag","embeddable":true,"href":"https:\/\/ostrowskatv.pl\/index.php?rest_route=%2Fwp%2Fv2%2Ftags&post=19544"}],"curies":[{"name":"wp","href":"https:\/\/api.w.org\/{rel}","templated":true}]}}