{"id":19442,"date":"2022-05-31T09:20:54","date_gmt":"2022-05-31T08:20:54","guid":{"rendered":"https:\/\/ostrowskatv.pl\/?p=19442"},"modified":"2022-05-31T09:20:54","modified_gmt":"2022-05-31T08:20:54","slug":"spor-o-wode-butelkowana-wsrod-radnych","status":"publish","type":"post","link":"https:\/\/ostrowskatv.pl\/?p=19442","title":{"rendered":"Sp\u00f3r o wod\u0119 butelkowan\u0105 w\u015br\u00f3d radnych"},"content":{"rendered":"<p><strong>Temat wody butelkowanej sta\u0142 si\u0119 ko\u015bci\u0105 niezgody na ostrowskiej sesji rady miejskiej. W\u0105tek poruszy\u0142 radny Szymon Maty\u015bkiewicz, kt\u00f3ry zwr\u00f3ci\u0142 uwag\u0119 na mo\u017cliwo\u015b\u0107 wygospodarowania dodatkowych pieni\u0119dzy w bud\u017cecie miasta. Swoj\u0105 drog\u0105 dziwne, \u017ce nie by\u0142 tak aktywny w kwestii racjonalizacji wydatk\u00f3w, kiedy podejmowano decyzj\u0119 o utwardzeniu fragmentu ulicy Oliwkowej, przy kt\u00f3rej radny mieszka.<\/strong><\/p>\n<p>Maj\u0105c na uwadze stan bud\u017cet naszego miasta oraz stan \u015brodowiska. Radny Szymon Maty\u015bkiewicz uwa\u017ca, \u017ce powinno si\u0119 zrezygnowa\u0107 z podawania butelkowanej wody na terenie urz\u0119du miasta, a zw\u0142aszcza podczas Sesji rady miejskiej oraz komisji. Doda\u0142, \u017ce woda p\u0142yn\u0105ca w ostrowskich kranach jest ci\u0105gle monitowana i sprawdzana pod k\u0105tem przyj\u0119tych norm. Przej\u015bcie na dzbanki z wod\u0105 zaoszcz\u0119dzi \u015brodowisku opakowa\u0144. Por\u00f3wnuj\u0105c ceny wody butelkowanej i tej z kranu. Tysi\u0105c litr\u00f3w wody z kranu kosztuje tyle co 2 litry wody butelkowanej. Ta zmiana pozwoli zaoszcz\u0119dzi\u0107 pieni\u0105dze w bud\u017cecie miasta.<\/p>\n<p>Po chwili nie wytrzyma\u0142 przewodnicz\u0105cy rady miejskiej Jaros\u0142aw Lisiecki, kt\u00f3ry powiedzia\u0142: Nie wyobra\u017cam sobie, poniewa\u017c jest to zgromadzenie publiczne, \u017ceby zmusi\u0107 kogokolwiek, bo nie ka\u017cdy chce pi\u0107 wod\u0119 butelkowan\u0105. To tak jakby powiedzie\u0107, \u017ce nale\u017cy pi\u0107 kaw\u0119 czarn\u0105 bez mleczka.<br \/>\nJak wida\u0107 dos\u0142ownie przytoczona wypowied\u017a Jaros\u0142awa Lisieckiego jest bez \u0142adu i sk\u0142adu i bez zachowania zasad logiki. Zreszt\u0105 reakcja radnego Maty\u015bkiewicza, kt\u00f3ry chwyci\u0142 si\u0119 w tym momencie za g\u0142ow\u0119 by\u0142a najlepszy komentarzem.<\/p>\n<p><iframe loading=\"lazy\" title=\"Jaros\u0142aw Lisiecki - Ostr\u00f3w Wlkp. o wodzie butelkowanej\" width=\"747\" height=\"420\" src=\"https:\/\/www.youtube.com\/embed\/ALVRPGV-Js0?feature=oembed\" frameborder=\"0\" allow=\"accelerometer; autoplay; clipboard-write; encrypted-media; gyroscope; picture-in-picture; web-share\" referrerpolicy=\"strict-origin-when-cross-origin\" allowfullscreen><\/iframe><\/p>\n","protected":false},"excerpt":{"rendered":"Temat wody butelkowanej sta\u0142 si\u0119 ko\u015bci\u0105 niezgody na ostrowskiej sesji rady miejskiej. W\u0105tek poruszy\u0142 radny Szymon Maty\u015bkiewicz, kt\u00f3ry zwr\u00f3ci\u0142 uwag\u0119 na mo\u017cliwo\u015b\u0107 wygospodarowania \n<a class=\"moretag\" href=\"https:\/\/ostrowskatv.pl\/?p=19442\"> [...]<\/a>","protected":false},"author":1,"featured_media":19443,"comment_status":"open","ping_status":"closed","sticky":false,"template":"","format":"standard","meta":{"footnotes":""},"categories":[1],"tags":[16],"class_list":["post-19442","post","type-post","status-publish","format-standard","has-post-thumbnail","hentry","category-news","tag-radni"],"_links":{"self":[{"href":"https:\/\/ostrowskatv.pl\/index.php?rest_route=\/wp\/v2\/posts\/19442","targetHints":{"allow":["GET"]}}],"collection":[{"href":"https:\/\/ostrowskatv.pl\/index.php?rest_route=\/wp\/v2\/posts"}],"about":[{"href":"https:\/\/ostrowskatv.pl\/index.php?rest_route=\/wp\/v2\/types\/post"}],"author":[{"embeddable":true,"href":"https:\/\/ostrowskatv.pl\/index.php?rest_route=\/wp\/v2\/users\/1"}],"replies":[{"embeddable":true,"href":"https:\/\/ostrowskatv.pl\/index.php?rest_route=%2Fwp%2Fv2%2Fcomments&post=19442"}],"version-history":[{"count":0,"href":"https:\/\/ostrowskatv.pl\/index.php?rest_route=\/wp\/v2\/posts\/19442\/revisions"}],"wp:featuredmedia":[{"embeddable":true,"href":"https:\/\/ostrowskatv.pl\/index.php?rest_route=\/wp\/v2\/media\/19443"}],"wp:attachment":[{"href":"https:\/\/ostrowskatv.pl\/index.php?rest_route=%2Fwp%2Fv2%2Fmedia&parent=19442"}],"wp:term":[{"taxonomy":"category","embeddable":true,"href":"https:\/\/ostrowskatv.pl\/index.php?rest_route=%2Fwp%2Fv2%2Fcategories&post=19442"},{"taxonomy":"post_tag","embeddable":true,"href":"https:\/\/ostrowskatv.pl\/index.php?rest_route=%2Fwp%2Fv2%2Ftags&post=19442"}],"curies":[{"name":"wp","href":"https:\/\/api.w.org\/{rel}","templated":true}]}}