{"id":19401,"date":"2022-05-27T07:06:06","date_gmt":"2022-05-27T06:06:06","guid":{"rendered":"https:\/\/ostrowskatv.pl\/?p=19401"},"modified":"2022-05-27T08:34:39","modified_gmt":"2022-05-27T07:34:39","slug":"zgwalcono-20-latke","status":"publish","type":"post","link":"https:\/\/ostrowskatv.pl\/?p=19401","title":{"rendered":"Zgwa\u0142cono 20-latk\u0119"},"content":{"rendered":"<p><strong>W nocy policja interweniowa\u0142a w zwi\u0105zku z gwa\u0142tem 20-latki. Mia\u0142o do niego doj\u015b\u0107 w Raczycach ko\u0142o Odolanowa. Sprawca zosta\u0142 zatrzymany. Wkr\u00f3tce wi\u0119cej informacji.<\/strong><\/p>\n<p>Sprawca ma oko\u0142o 54 lata.<\/p>\n","protected":false},"excerpt":{"rendered":"W nocy policja interweniowa\u0142a w zwi\u0105zku z gwa\u0142tem 20-latki. Mia\u0142o do niego doj\u015b\u0107 w Raczycach ko\u0142o Odolanowa. Sprawca zosta\u0142 zatrzymany. Wkr\u00f3tce wi\u0119cej informacji. \n<a class=\"moretag\" href=\"https:\/\/ostrowskatv.pl\/?p=19401\"> [...]<\/a>","protected":false},"author":1,"featured_media":18202,"comment_status":"open","ping_status":"closed","sticky":false,"template":"","format":"standard","meta":{"footnotes":""},"categories":[1],"tags":[238],"class_list":["post-19401","post","type-post","status-publish","format-standard","has-post-thumbnail","hentry","category-news","tag-raczyce"],"_links":{"self":[{"href":"https:\/\/ostrowskatv.pl\/index.php?rest_route=\/wp\/v2\/posts\/19401","targetHints":{"allow":["GET"]}}],"collection":[{"href":"https:\/\/ostrowskatv.pl\/index.php?rest_route=\/wp\/v2\/posts"}],"about":[{"href":"https:\/\/ostrowskatv.pl\/index.php?rest_route=\/wp\/v2\/types\/post"}],"author":[{"embeddable":true,"href":"https:\/\/ostrowskatv.pl\/index.php?rest_route=\/wp\/v2\/users\/1"}],"replies":[{"embeddable":true,"href":"https:\/\/ostrowskatv.pl\/index.php?rest_route=%2Fwp%2Fv2%2Fcomments&post=19401"}],"version-history":[{"count":0,"href":"https:\/\/ostrowskatv.pl\/index.php?rest_route=\/wp\/v2\/posts\/19401\/revisions"}],"wp:featuredmedia":[{"embeddable":true,"href":"https:\/\/ostrowskatv.pl\/index.php?rest_route=\/wp\/v2\/media\/18202"}],"wp:attachment":[{"href":"https:\/\/ostrowskatv.pl\/index.php?rest_route=%2Fwp%2Fv2%2Fmedia&parent=19401"}],"wp:term":[{"taxonomy":"category","embeddable":true,"href":"https:\/\/ostrowskatv.pl\/index.php?rest_route=%2Fwp%2Fv2%2Fcategories&post=19401"},{"taxonomy":"post_tag","embeddable":true,"href":"https:\/\/ostrowskatv.pl\/index.php?rest_route=%2Fwp%2Fv2%2Ftags&post=19401"}],"curies":[{"name":"wp","href":"https:\/\/api.w.org\/{rel}","templated":true}]}}