{"id":194,"date":"2016-01-18T01:07:44","date_gmt":"2016-01-18T00:07:44","guid":{"rendered":"http:\/\/ostrowska.tv\/?p=194"},"modified":"2016-01-18T01:07:44","modified_gmt":"2016-01-18T00:07:44","slug":"w-platformie-nie-bedzie-rozlamu","status":"publish","type":"post","link":"https:\/\/ostrowskatv.pl\/?p=194","title":{"rendered":"W Platformie nie b\u0119dzie roz\u0142amu"},"content":{"rendered":"<p><strong>Radni Platformy Obywatelskiej zapowiadaj\u0105, \u017ce w 2016 roku b\u0119d\u0105 m\u00f3wi\u0107 wsp\u00f3lnym g\u0142osem. W ostatnim czasie by\u0142y z tym jednak problemy. Najlepiej by\u0142o je wida\u0107 podczas ubieg\u0142orocznych g\u0142osowa\u0144.<\/strong><\/p>\n<p>W Klubie Radnych Platformy Obywatelskiej jest wiele os\u00f3b, kt\u00f3re krytykowa\u0142y realizacj\u0119 basenu przy ulicy Paderewskiego. W ich ocenie ma ona si\u0119 odby\u0107 kosztem wa\u017cniejszych dla miasta inwestycji. Mimo to basen powstanie, bo w klubie zabrak\u0142o jednomy\u015blno\u015bci. &#8211; U nas jest jak w ka\u017cdej rodzinie. Na zewn\u0105trz r\u00f3\u017cnie bywa. S\u0105 takie okresy, kiedy c\u00f3rka nie chce podporz\u0105dkowa\u0107 si\u0119 ustaleniom. Czasami zbiesi si\u0119 syn. W ostatnich g\u0142osowaniach byli\u015bmy ju\u017c jednak zgodni. Mam nadziej\u0119, \u017ce tak b\u0119dzie dalej \u2013 zapowiada radny Andrzej Kornaszewski.<\/p>\n<p>Radni Platformy przekonuj\u0105, \u017ce ich spotkania odbywaj\u0105 si\u0119 regularnie i s\u0105 okazj\u0105 do ustalania wsp\u00f3lnej polityki w najwa\u017cniejszych sprawach dla Ostrowa Wielkopolskiego. &#8211; Rozmawiamy ze sob\u0105 ca\u0142y czas. Spotkania odbywaj\u0105 si\u0119 przynajmniej co miesi\u0105c. W ubieg\u0142ym roku spotka\u0144 klubu by\u0142o oko\u0142o 16. Cz\u0119sto mamy r\u00f3\u017cne spojrzenia na pewne sprawy. Nie jeste\u015bmy klubem, w kt\u00f3rym przewodnicz\u0105cy m\u00f3wi &#8222;siad&#8221;, &#8222;wypad&#8221; czy &#8222;zamknij si\u0119&#8221; \u2013 t\u0142umaczy Kornaszewski.<\/p>\n<p>&#8211; A co do wspomnianego basenu, to jeden z radnych powiedzia\u0142, \u017ce marzy\u0142 o nim ca\u0142e \u017cycie. Zapewnia\u0142, \u017ce b\u0119dzie za nim g\u0142osowa\u0107 bez wzgl\u0119du na wszystko. Takie rzeczy te\u017c si\u0119 zdarzaj\u0105, chocia\u017c nie powinny. Ja nie traktuj\u0119 tego w kategoriach, czy jeste\u015bmy jedno\u015bci\u0105. W najwa\u017cniejszych sprawach g\u0142osujemy jedn\u0105 grup\u0105. Wszystkich tych, kt\u00f3rzy licz\u0105, \u017ce z naszego klubu wyp\u0105czkuj\u0105 za chwil\u0119 trzy nast\u0119pne, musz\u0119 rozczarowa\u0107. Nie wygl\u0105da na to, \u017ceby\u015bmy mieli si\u0119 podzieli\u0107 \u2013 dodaje Kornaszewski.<\/p>\n<p>Jak oceniaj\u0105 Pa\u0144stwo dzia\u0142a\u0142no\u015b\u0107 radnych Platformy Obywatelskiej w 2015 roku? Zach\u0119camy do dyskusji.<\/p>\n","protected":false},"excerpt":{"rendered":"Radni Platformy Obywatelskiej zapowiadaj\u0105, \u017ce w 2016 roku b\u0119d\u0105 m\u00f3wi\u0107 wsp\u00f3lnym g\u0142osem. W ostatnim czasie by\u0142y z tym jednak problemy. Najlepiej by\u0142o je \n<a class=\"moretag\" href=\"https:\/\/ostrowskatv.pl\/?p=194\"> [...]<\/a>","protected":false},"author":1,"featured_media":166,"comment_status":"open","ping_status":"open","sticky":false,"template":"","format":"standard","meta":{"footnotes":""},"categories":[1],"tags":[24],"class_list":["post-194","post","type-post","status-publish","format-standard","has-post-thumbnail","hentry","category-news","tag-polityka"],"_links":{"self":[{"href":"https:\/\/ostrowskatv.pl\/index.php?rest_route=\/wp\/v2\/posts\/194","targetHints":{"allow":["GET"]}}],"collection":[{"href":"https:\/\/ostrowskatv.pl\/index.php?rest_route=\/wp\/v2\/posts"}],"about":[{"href":"https:\/\/ostrowskatv.pl\/index.php?rest_route=\/wp\/v2\/types\/post"}],"author":[{"embeddable":true,"href":"https:\/\/ostrowskatv.pl\/index.php?rest_route=\/wp\/v2\/users\/1"}],"replies":[{"embeddable":true,"href":"https:\/\/ostrowskatv.pl\/index.php?rest_route=%2Fwp%2Fv2%2Fcomments&post=194"}],"version-history":[{"count":0,"href":"https:\/\/ostrowskatv.pl\/index.php?rest_route=\/wp\/v2\/posts\/194\/revisions"}],"wp:featuredmedia":[{"embeddable":true,"href":"https:\/\/ostrowskatv.pl\/index.php?rest_route=\/wp\/v2\/media\/166"}],"wp:attachment":[{"href":"https:\/\/ostrowskatv.pl\/index.php?rest_route=%2Fwp%2Fv2%2Fmedia&parent=194"}],"wp:term":[{"taxonomy":"category","embeddable":true,"href":"https:\/\/ostrowskatv.pl\/index.php?rest_route=%2Fwp%2Fv2%2Fcategories&post=194"},{"taxonomy":"post_tag","embeddable":true,"href":"https:\/\/ostrowskatv.pl\/index.php?rest_route=%2Fwp%2Fv2%2Ftags&post=194"}],"curies":[{"name":"wp","href":"https:\/\/api.w.org\/{rel}","templated":true}]}}