{"id":1938,"date":"2016-07-30T23:51:07","date_gmt":"2016-07-30T22:51:07","guid":{"rendered":"http:\/\/ostrowska.tv\/?p=1938"},"modified":"2016-07-30T23:51:07","modified_gmt":"2016-07-30T22:51:07","slug":"dni-odolanowa-nagranie-z-drona","status":"publish","type":"post","link":"https:\/\/ostrowskatv.pl\/?p=1938","title":{"rendered":"Dni Odolanowa &#8211; nagranie z drona"},"content":{"rendered":"<p><strong>Dni Odolanowa w tym roku zaproponowa\u0142y mieszka\u0144com regionu 3-dniow\u0105 imprez\u0119. W pi\u0105tek dla m\u0142odzie\u017cy zorganizowano bitw\u0119 DJ-i. Uczestnicy narzekali na szybkie zako\u0144czenie tej cz\u0119\u015bci. W sobot\u0119 wyst\u0105pi\u0142 zesp\u00f3\u0142 Piersi, kt\u00f3ry za\u015bpiewa\u0142 m.in. &#8222;B\u0119dzie, b\u0119dzie zabawa, b\u0119dzie si\u0119 dzia\u0142o&#8230;&#8221;, a po koncercie odby\u0142 si\u0119 pokaz sztucznych ogni. Czyli dla ka\u017cdego co\u015b mi\u0142ego. Na niedziel\u0119 zaplanowano koncerty Teresy Werner oraz Ani Wyszkoni.<\/strong><\/p>\n<p>Zapraszamy do obejrzenia nagrania z drona z sobotniego pokazu fajerwerk\u00f3w.<\/p>\n<p><iframe loading=\"lazy\" width=\"640\" height=\"360\" src=\"https:\/\/www.youtube.com\/embed\/U7gVZ-CEQ94\" frameborder=\"0\" allowfullscreen><\/iframe><\/p>\n<div id='gallery-1' class='gallery galleryid-1938 gallery-columns-3 gallery-size-thumbnail'><figure class='gallery-item'>\n\t\t\t<div class='gallery-icon landscape'>\n\t\t\t\t<a href='https:\/\/ostrowskatv.pl\/?attachment_id=1940'><img loading=\"lazy\" decoding=\"async\" width=\"150\" height=\"150\" src=\"https:\/\/ostrowskatv.pl\/wp-content\/uploads\/2016\/07\/dron-odolanow-1-150x150.jpg\" class=\"attachment-thumbnail size-thumbnail\" alt=\"\" \/><\/a>\n\t\t\t<\/div><\/figure><figure class='gallery-item'>\n\t\t\t<div class='gallery-icon landscape'>\n\t\t\t\t<a href='https:\/\/ostrowskatv.pl\/?attachment_id=1941'><img loading=\"lazy\" decoding=\"async\" width=\"150\" height=\"150\" src=\"https:\/\/ostrowskatv.pl\/wp-content\/uploads\/2016\/07\/dron-odolanow-2-150x150.jpg\" class=\"attachment-thumbnail size-thumbnail\" alt=\"\" \/><\/a>\n\t\t\t<\/div><\/figure><figure class='gallery-item'>\n\t\t\t<div class='gallery-icon landscape'>\n\t\t\t\t<a href='https:\/\/ostrowskatv.pl\/?attachment_id=1939'><img loading=\"lazy\" decoding=\"async\" width=\"150\" height=\"150\" src=\"https:\/\/ostrowskatv.pl\/wp-content\/uploads\/2016\/07\/dron-odolanow-male-150x150.jpg\" class=\"attachment-thumbnail size-thumbnail\" alt=\"\" \/><\/a>\n\t\t\t<\/div><\/figure>\n\t\t<\/div>\n\n","protected":false},"excerpt":{"rendered":"Dni Odolanowa w tym roku zaproponowa\u0142y mieszka\u0144com regionu 3-dniow\u0105 imprez\u0119. W pi\u0105tek dla m\u0142odzie\u017cy zorganizowano bitw\u0119 DJ-i. Uczestnicy narzekali na szybkie zako\u0144czenie tej \n<a class=\"moretag\" href=\"https:\/\/ostrowskatv.pl\/?p=1938\"> [...]<\/a>","protected":false},"author":1,"featured_media":1939,"comment_status":"open","ping_status":"open","sticky":false,"template":"","format":"standard","meta":{"footnotes":""},"categories":[1],"tags":[38],"class_list":["post-1938","post","type-post","status-publish","format-standard","has-post-thumbnail","hentry","category-news","tag-odolanow"],"_links":{"self":[{"href":"https:\/\/ostrowskatv.pl\/index.php?rest_route=\/wp\/v2\/posts\/1938","targetHints":{"allow":["GET"]}}],"collection":[{"href":"https:\/\/ostrowskatv.pl\/index.php?rest_route=\/wp\/v2\/posts"}],"about":[{"href":"https:\/\/ostrowskatv.pl\/index.php?rest_route=\/wp\/v2\/types\/post"}],"author":[{"embeddable":true,"href":"https:\/\/ostrowskatv.pl\/index.php?rest_route=\/wp\/v2\/users\/1"}],"replies":[{"embeddable":true,"href":"https:\/\/ostrowskatv.pl\/index.php?rest_route=%2Fwp%2Fv2%2Fcomments&post=1938"}],"version-history":[{"count":0,"href":"https:\/\/ostrowskatv.pl\/index.php?rest_route=\/wp\/v2\/posts\/1938\/revisions"}],"wp:featuredmedia":[{"embeddable":true,"href":"https:\/\/ostrowskatv.pl\/index.php?rest_route=\/wp\/v2\/media\/1939"}],"wp:attachment":[{"href":"https:\/\/ostrowskatv.pl\/index.php?rest_route=%2Fwp%2Fv2%2Fmedia&parent=1938"}],"wp:term":[{"taxonomy":"category","embeddable":true,"href":"https:\/\/ostrowskatv.pl\/index.php?rest_route=%2Fwp%2Fv2%2Fcategories&post=1938"},{"taxonomy":"post_tag","embeddable":true,"href":"https:\/\/ostrowskatv.pl\/index.php?rest_route=%2Fwp%2Fv2%2Ftags&post=1938"}],"curies":[{"name":"wp","href":"https:\/\/api.w.org\/{rel}","templated":true}]}}