{"id":19353,"date":"2022-05-22T10:12:42","date_gmt":"2022-05-22T09:12:42","guid":{"rendered":"https:\/\/ostrowskatv.pl\/?p=19353"},"modified":"2022-05-22T10:17:32","modified_gmt":"2022-05-22T09:17:32","slug":"pleszewianin-rozbil-auta-przy-przepompowni","status":"publish","type":"post","link":"https:\/\/ostrowskatv.pl\/?p=19353","title":{"rendered":"Pleszewianin rozbi\u0142 auta przy Przepompowni"},"content":{"rendered":"<p><strong>Przed godzin\u0105 23 na skrzy\u017cowaniu przy by\u0142ej przepompowni dosz\u0142o do zderzenia dw\u00f3ch aut osobowych. Kierowca z renault kadjar na pleszewskich tablicach rejestracyjnych jad\u0105c od wiaduktu krotoszy\u0144skiego skr\u0119caj\u0105c w lewo wymusi\u0142 pierwsze\u0144stwo na oplu. <\/strong><\/p>\n<p>Do zdarzenia wys\u0142ano stra\u017c po\u017carn\u0105 oraz policj\u0119. Nikt nie odni\u00f3s\u0142 obra\u017ce\u0144.<\/p>\n<p><img loading=\"lazy\" decoding=\"async\" src=\"https:\/\/ostrowskatv.pl\/wp-content\/uploads\/2022\/05\/Kolizja-przepo1.jpeg\" alt=\"\" width=\"1366\" height=\"1025\" class=\"alignnone size-full wp-image-19354\" srcset=\"https:\/\/ostrowskatv.pl\/wp-content\/uploads\/2022\/05\/Kolizja-przepo1.jpeg 1366w, https:\/\/ostrowskatv.pl\/wp-content\/uploads\/2022\/05\/Kolizja-przepo1-300x225.jpeg 300w, https:\/\/ostrowskatv.pl\/wp-content\/uploads\/2022\/05\/Kolizja-przepo1-480x360.jpeg 480w\" sizes=\"auto, (max-width: 1366px) 100vw, 1366px\" \/><\/p>\n<p><img loading=\"lazy\" decoding=\"async\" src=\"https:\/\/ostrowskatv.pl\/wp-content\/uploads\/2022\/05\/Kolizja-przepo2.jpeg\" alt=\"\" width=\"1366\" height=\"1025\" class=\"alignnone size-full wp-image-19355\" srcset=\"https:\/\/ostrowskatv.pl\/wp-content\/uploads\/2022\/05\/Kolizja-przepo2.jpeg 1366w, https:\/\/ostrowskatv.pl\/wp-content\/uploads\/2022\/05\/Kolizja-przepo2-300x225.jpeg 300w, https:\/\/ostrowskatv.pl\/wp-content\/uploads\/2022\/05\/Kolizja-przepo2-480x360.jpeg 480w\" sizes=\"auto, (max-width: 1366px) 100vw, 1366px\" \/><\/p>\n<p><img loading=\"lazy\" decoding=\"async\" src=\"https:\/\/ostrowskatv.pl\/wp-content\/uploads\/2022\/05\/Kolizja-przepo3.jpeg\" alt=\"\" width=\"1366\" height=\"768\" class=\"alignnone size-full wp-image-19356\" srcset=\"https:\/\/ostrowskatv.pl\/wp-content\/uploads\/2022\/05\/Kolizja-przepo3.jpeg 1366w, https:\/\/ostrowskatv.pl\/wp-content\/uploads\/2022\/05\/Kolizja-przepo3-300x169.jpeg 300w, https:\/\/ostrowskatv.pl\/wp-content\/uploads\/2022\/05\/Kolizja-przepo3-640x360.jpeg 640w\" sizes=\"auto, (max-width: 1366px) 100vw, 1366px\" \/><\/p>\n","protected":false},"excerpt":{"rendered":"Przed godzin\u0105 23 na skrzy\u017cowaniu przy by\u0142ej przepompowni dosz\u0142o do zderzenia dw\u00f3ch aut osobowych. Kierowca z renault kadjar na pleszewskich tablicach rejestracyjnych jad\u0105c \n<a class=\"moretag\" href=\"https:\/\/ostrowskatv.pl\/?p=19353\"> [...]<\/a>","protected":false},"author":1,"featured_media":19356,"comment_status":"open","ping_status":"closed","sticky":false,"template":"","format":"standard","meta":{"footnotes":""},"categories":[1],"tags":[48],"class_list":["post-19353","post","type-post","status-publish","format-standard","has-post-thumbnail","hentry","category-news","tag-kolizja"],"_links":{"self":[{"href":"https:\/\/ostrowskatv.pl\/index.php?rest_route=\/wp\/v2\/posts\/19353","targetHints":{"allow":["GET"]}}],"collection":[{"href":"https:\/\/ostrowskatv.pl\/index.php?rest_route=\/wp\/v2\/posts"}],"about":[{"href":"https:\/\/ostrowskatv.pl\/index.php?rest_route=\/wp\/v2\/types\/post"}],"author":[{"embeddable":true,"href":"https:\/\/ostrowskatv.pl\/index.php?rest_route=\/wp\/v2\/users\/1"}],"replies":[{"embeddable":true,"href":"https:\/\/ostrowskatv.pl\/index.php?rest_route=%2Fwp%2Fv2%2Fcomments&post=19353"}],"version-history":[{"count":0,"href":"https:\/\/ostrowskatv.pl\/index.php?rest_route=\/wp\/v2\/posts\/19353\/revisions"}],"wp:featuredmedia":[{"embeddable":true,"href":"https:\/\/ostrowskatv.pl\/index.php?rest_route=\/wp\/v2\/media\/19356"}],"wp:attachment":[{"href":"https:\/\/ostrowskatv.pl\/index.php?rest_route=%2Fwp%2Fv2%2Fmedia&parent=19353"}],"wp:term":[{"taxonomy":"category","embeddable":true,"href":"https:\/\/ostrowskatv.pl\/index.php?rest_route=%2Fwp%2Fv2%2Fcategories&post=19353"},{"taxonomy":"post_tag","embeddable":true,"href":"https:\/\/ostrowskatv.pl\/index.php?rest_route=%2Fwp%2Fv2%2Ftags&post=19353"}],"curies":[{"name":"wp","href":"https:\/\/api.w.org\/{rel}","templated":true}]}}