{"id":19345,"date":"2022-05-21T12:11:46","date_gmt":"2022-05-21T11:11:46","guid":{"rendered":"https:\/\/ostrowskatv.pl\/?p=19345"},"modified":"2022-05-21T12:11:46","modified_gmt":"2022-05-21T11:11:46","slug":"zagapila-sie-jadac-z-malym-dzieckiem","status":"publish","type":"post","link":"https:\/\/ostrowskatv.pl\/?p=19345","title":{"rendered":"Zagapi\u0142a si\u0119 jad\u0105c z ma\u0142ym dzieckiem"},"content":{"rendered":"<p><strong>Przed po\u0142udniem dosz\u0142o do kolejnego zderzenia auta na skrzy\u017cowaniu ulic Spichrzowej i Wodnej w Ostrowie Wielkopolskim. W tym miejscu jest tzw. \u0142amane pierwsze\u0144stwo.<\/strong><\/p>\n<p>Kobieta jad\u0105c czerwon\u0105 Hond\u0105 ulic\u0105 ulic\u0105 Spichrzow\u0105 chcia\u0142a pojecha\u0107 prosto w stron\u0119 ulicy Zielonej. Od jej prawej strony nadjecha\u0142 volkswagen Polo kierowany przez m\u0119\u017cczyzn\u0119 w starszym wieku.<\/p>\n<p>Sprawczyni kolizji oraz jej ma\u0142e dziecko, zapi\u0119te w foteliku, wyszli z kolizji bez szwanku. Na pewne dolegliwo\u015bci uskar\u017ca\u0142 si\u0119 kierowca volkswagena, ale po zbadaniu w karetce nie pojecha\u0142 do szpitala.<\/p>\n<p><img loading=\"lazy\" decoding=\"async\" src=\"https:\/\/ostrowskatv.pl\/wp-content\/uploads\/2022\/05\/20220521_114240-02-1.jpeg\" alt=\"\" width=\"1365\" height=\"830\" class=\"alignnone size-full wp-image-19347\" srcset=\"https:\/\/ostrowskatv.pl\/wp-content\/uploads\/2022\/05\/20220521_114240-02-1.jpeg 1365w, https:\/\/ostrowskatv.pl\/wp-content\/uploads\/2022\/05\/20220521_114240-02-1-300x182.jpeg 300w, https:\/\/ostrowskatv.pl\/wp-content\/uploads\/2022\/05\/20220521_114240-02-1-592x360.jpeg 592w\" sizes=\"auto, (max-width: 1365px) 100vw, 1365px\" \/><\/p>\n<p><img loading=\"lazy\" decoding=\"async\" src=\"https:\/\/ostrowskatv.pl\/wp-content\/uploads\/2022\/05\/20220521_114244-01.jpeg\" alt=\"\" width=\"1366\" height=\"615\" class=\"alignnone size-full wp-image-19348\" srcset=\"https:\/\/ostrowskatv.pl\/wp-content\/uploads\/2022\/05\/20220521_114244-01.jpeg 1366w, https:\/\/ostrowskatv.pl\/wp-content\/uploads\/2022\/05\/20220521_114244-01-300x135.jpeg 300w, https:\/\/ostrowskatv.pl\/wp-content\/uploads\/2022\/05\/20220521_114244-01-640x288.jpeg 640w\" sizes=\"auto, (max-width: 1366px) 100vw, 1366px\" \/><\/p>\n<p><img loading=\"lazy\" decoding=\"async\" src=\"https:\/\/ostrowskatv.pl\/wp-content\/uploads\/2022\/05\/20220521_114520-01.jpeg\" alt=\"\" width=\"1025\" height=\"1366\" class=\"alignnone size-full wp-image-19349\" srcset=\"https:\/\/ostrowskatv.pl\/wp-content\/uploads\/2022\/05\/20220521_114520-01.jpeg 1025w, https:\/\/ostrowskatv.pl\/wp-content\/uploads\/2022\/05\/20220521_114520-01-225x300.jpeg 225w, https:\/\/ostrowskatv.pl\/wp-content\/uploads\/2022\/05\/20220521_114520-01-270x360.jpeg 270w\" sizes=\"auto, (max-width: 1025px) 100vw, 1025px\" \/><\/p>\n","protected":false},"excerpt":{"rendered":"Przed po\u0142udniem dosz\u0142o do kolejnego zderzenia auta na skrzy\u017cowaniu ulic Spichrzowej i Wodnej w Ostrowie Wielkopolskim. W tym miejscu jest tzw. \u0142amane pierwsze\u0144stwo. \n<a class=\"moretag\" href=\"https:\/\/ostrowskatv.pl\/?p=19345\"> [...]<\/a>","protected":false},"author":1,"featured_media":19346,"comment_status":"open","ping_status":"closed","sticky":false,"template":"","format":"standard","meta":{"footnotes":""},"categories":[1],"tags":[48],"class_list":["post-19345","post","type-post","status-publish","format-standard","has-post-thumbnail","hentry","category-news","tag-kolizja"],"_links":{"self":[{"href":"https:\/\/ostrowskatv.pl\/index.php?rest_route=\/wp\/v2\/posts\/19345","targetHints":{"allow":["GET"]}}],"collection":[{"href":"https:\/\/ostrowskatv.pl\/index.php?rest_route=\/wp\/v2\/posts"}],"about":[{"href":"https:\/\/ostrowskatv.pl\/index.php?rest_route=\/wp\/v2\/types\/post"}],"author":[{"embeddable":true,"href":"https:\/\/ostrowskatv.pl\/index.php?rest_route=\/wp\/v2\/users\/1"}],"replies":[{"embeddable":true,"href":"https:\/\/ostrowskatv.pl\/index.php?rest_route=%2Fwp%2Fv2%2Fcomments&post=19345"}],"version-history":[{"count":0,"href":"https:\/\/ostrowskatv.pl\/index.php?rest_route=\/wp\/v2\/posts\/19345\/revisions"}],"wp:featuredmedia":[{"embeddable":true,"href":"https:\/\/ostrowskatv.pl\/index.php?rest_route=\/wp\/v2\/media\/19346"}],"wp:attachment":[{"href":"https:\/\/ostrowskatv.pl\/index.php?rest_route=%2Fwp%2Fv2%2Fmedia&parent=19345"}],"wp:term":[{"taxonomy":"category","embeddable":true,"href":"https:\/\/ostrowskatv.pl\/index.php?rest_route=%2Fwp%2Fv2%2Fcategories&post=19345"},{"taxonomy":"post_tag","embeddable":true,"href":"https:\/\/ostrowskatv.pl\/index.php?rest_route=%2Fwp%2Fv2%2Ftags&post=19345"}],"curies":[{"name":"wp","href":"https:\/\/api.w.org\/{rel}","templated":true}]}}