{"id":19283,"date":"2022-05-20T17:55:19","date_gmt":"2022-05-20T16:55:19","guid":{"rendered":"https:\/\/ostrowskatv.pl\/?p=19283"},"modified":"2022-05-20T17:55:19","modified_gmt":"2022-05-20T16:55:19","slug":"wojewodzkie-obchody-strazy-pozarnej","status":"publish","type":"post","link":"https:\/\/ostrowskatv.pl\/?p=19283","title":{"rendered":"Wojew\u00f3dzkie Obchody Stra\u017cy Po\u017carnej"},"content":{"rendered":"<p><strong>W tym roku przypada 30 lat od momentu powstania Pa\u0144stwowej Stra\u017cy Po\u017carnej. Tegoroczne wojew\u00f3dzkie obchody Dnia Stra\u017caka zorganizowano w Pleszewie.<\/strong><\/p>\n<p>Stra\u017cakom wr\u0119czono odznaczenia, a pleszewskiej stra\u017cy nadano sztandar. W uroczysto\u015bci wzi\u0119\u0142a udzia\u0142 pochodz\u0105ca z Ostrowa Wlkp. minister Marlena Mal\u0105g.<\/p>\n<p><img loading=\"lazy\" decoding=\"async\" src=\"https:\/\/ostrowskatv.pl\/wp-content\/uploads\/2022\/05\/20220520_130408-01.jpeg\" alt=\"\" width=\"1366\" height=\"1025\" class=\"alignnone size-full wp-image-19284\" srcset=\"https:\/\/ostrowskatv.pl\/wp-content\/uploads\/2022\/05\/20220520_130408-01.jpeg 1366w, https:\/\/ostrowskatv.pl\/wp-content\/uploads\/2022\/05\/20220520_130408-01-300x225.jpeg 300w, https:\/\/ostrowskatv.pl\/wp-content\/uploads\/2022\/05\/20220520_130408-01-480x360.jpeg 480w\" sizes=\"auto, (max-width: 1366px) 100vw, 1366px\" \/><\/p>\n<p><img loading=\"lazy\" decoding=\"async\" src=\"https:\/\/ostrowskatv.pl\/wp-content\/uploads\/2022\/05\/20220520_130358-01.jpeg\" alt=\"\" width=\"1366\" height=\"1025\" class=\"alignnone size-full wp-image-19285\" srcset=\"https:\/\/ostrowskatv.pl\/wp-content\/uploads\/2022\/05\/20220520_130358-01.jpeg 1366w, https:\/\/ostrowskatv.pl\/wp-content\/uploads\/2022\/05\/20220520_130358-01-300x225.jpeg 300w, https:\/\/ostrowskatv.pl\/wp-content\/uploads\/2022\/05\/20220520_130358-01-480x360.jpeg 480w\" sizes=\"auto, (max-width: 1366px) 100vw, 1366px\" \/><\/p>\n<p><img loading=\"lazy\" decoding=\"async\" src=\"https:\/\/ostrowskatv.pl\/wp-content\/uploads\/2022\/05\/20220520_130401-01.jpeg\" alt=\"\" width=\"1366\" height=\"1025\" class=\"alignnone size-full wp-image-19286\" srcset=\"https:\/\/ostrowskatv.pl\/wp-content\/uploads\/2022\/05\/20220520_130401-01.jpeg 1366w, https:\/\/ostrowskatv.pl\/wp-content\/uploads\/2022\/05\/20220520_130401-01-300x225.jpeg 300w, https:\/\/ostrowskatv.pl\/wp-content\/uploads\/2022\/05\/20220520_130401-01-480x360.jpeg 480w\" sizes=\"auto, (max-width: 1366px) 100vw, 1366px\" \/><\/p>\n<p><img loading=\"lazy\" decoding=\"async\" src=\"https:\/\/ostrowskatv.pl\/wp-content\/uploads\/2022\/05\/20220520_130355-01.jpeg\" alt=\"\" width=\"1366\" height=\"1025\" class=\"alignnone size-full wp-image-19287\" srcset=\"https:\/\/ostrowskatv.pl\/wp-content\/uploads\/2022\/05\/20220520_130355-01.jpeg 1366w, https:\/\/ostrowskatv.pl\/wp-content\/uploads\/2022\/05\/20220520_130355-01-300x225.jpeg 300w, https:\/\/ostrowskatv.pl\/wp-content\/uploads\/2022\/05\/20220520_130355-01-480x360.jpeg 480w\" sizes=\"auto, (max-width: 1366px) 100vw, 1366px\" \/><\/p>\n<p><img loading=\"lazy\" decoding=\"async\" src=\"https:\/\/ostrowskatv.pl\/wp-content\/uploads\/2022\/05\/20220520_130352-01.jpeg\" alt=\"\" width=\"1366\" height=\"1025\" class=\"alignnone size-full wp-image-19288\" srcset=\"https:\/\/ostrowskatv.pl\/wp-content\/uploads\/2022\/05\/20220520_130352-01.jpeg 1366w, https:\/\/ostrowskatv.pl\/wp-content\/uploads\/2022\/05\/20220520_130352-01-300x225.jpeg 300w, https:\/\/ostrowskatv.pl\/wp-content\/uploads\/2022\/05\/20220520_130352-01-480x360.jpeg 480w\" sizes=\"auto, (max-width: 1366px) 100vw, 1366px\" \/><\/p>\n<p><img loading=\"lazy\" decoding=\"async\" src=\"https:\/\/ostrowskatv.pl\/wp-content\/uploads\/2022\/05\/20220520_130349-01.jpeg\" alt=\"\" width=\"1366\" height=\"1025\" class=\"alignnone size-full wp-image-19289\" srcset=\"https:\/\/ostrowskatv.pl\/wp-content\/uploads\/2022\/05\/20220520_130349-01.jpeg 1366w, https:\/\/ostrowskatv.pl\/wp-content\/uploads\/2022\/05\/20220520_130349-01-300x225.jpeg 300w, https:\/\/ostrowskatv.pl\/wp-content\/uploads\/2022\/05\/20220520_130349-01-480x360.jpeg 480w\" sizes=\"auto, (max-width: 1366px) 100vw, 1366px\" \/><\/p>\n<p><img loading=\"lazy\" decoding=\"async\" src=\"https:\/\/ostrowskatv.pl\/wp-content\/uploads\/2022\/05\/20220520_130342-01.jpeg\" alt=\"\" width=\"1366\" height=\"891\" class=\"alignnone size-full wp-image-19290\" srcset=\"https:\/\/ostrowskatv.pl\/wp-content\/uploads\/2022\/05\/20220520_130342-01.jpeg 1366w, https:\/\/ostrowskatv.pl\/wp-content\/uploads\/2022\/05\/20220520_130342-01-300x196.jpeg 300w, https:\/\/ostrowskatv.pl\/wp-content\/uploads\/2022\/05\/20220520_130342-01-552x360.jpeg 552w\" sizes=\"auto, (max-width: 1366px) 100vw, 1366px\" \/><\/p>\n<p><img loading=\"lazy\" decoding=\"async\" src=\"https:\/\/ostrowskatv.pl\/wp-content\/uploads\/2022\/05\/20220520_130339-01.jpeg\" alt=\"\" width=\"1366\" height=\"883\" class=\"alignnone size-full wp-image-19291\" srcset=\"https:\/\/ostrowskatv.pl\/wp-content\/uploads\/2022\/05\/20220520_130339-01.jpeg 1366w, https:\/\/ostrowskatv.pl\/wp-content\/uploads\/2022\/05\/20220520_130339-01-300x194.jpeg 300w, https:\/\/ostrowskatv.pl\/wp-content\/uploads\/2022\/05\/20220520_130339-01-557x360.jpeg 557w\" sizes=\"auto, (max-width: 1366px) 100vw, 1366px\" \/><\/p>\n<p><img loading=\"lazy\" decoding=\"async\" src=\"https:\/\/ostrowskatv.pl\/wp-content\/uploads\/2022\/05\/20220520_130337-01.jpeg\" alt=\"\" width=\"1366\" height=\"908\" class=\"alignnone size-full wp-image-19292\" srcset=\"https:\/\/ostrowskatv.pl\/wp-content\/uploads\/2022\/05\/20220520_130337-01.jpeg 1366w, https:\/\/ostrowskatv.pl\/wp-content\/uploads\/2022\/05\/20220520_130337-01-300x199.jpeg 300w, https:\/\/ostrowskatv.pl\/wp-content\/uploads\/2022\/05\/20220520_130337-01-542x360.jpeg 542w\" sizes=\"auto, (max-width: 1366px) 100vw, 1366px\" \/><\/p>\n<p><img loading=\"lazy\" decoding=\"async\" src=\"https:\/\/ostrowskatv.pl\/wp-content\/uploads\/2022\/05\/20220520_125531-01.jpeg\" alt=\"\" width=\"1366\" height=\"883\" class=\"alignnone size-full wp-image-19293\" srcset=\"https:\/\/ostrowskatv.pl\/wp-content\/uploads\/2022\/05\/20220520_125531-01.jpeg 1366w, https:\/\/ostrowskatv.pl\/wp-content\/uploads\/2022\/05\/20220520_125531-01-300x194.jpeg 300w, https:\/\/ostrowskatv.pl\/wp-content\/uploads\/2022\/05\/20220520_125531-01-557x360.jpeg 557w\" sizes=\"auto, (max-width: 1366px) 100vw, 1366px\" \/><\/p>\n<p><img loading=\"lazy\" decoding=\"async\" src=\"https:\/\/ostrowskatv.pl\/wp-content\/uploads\/2022\/05\/20220520_125524-01.jpeg\" alt=\"\" width=\"1366\" height=\"907\" class=\"alignnone size-full wp-image-19294\" srcset=\"https:\/\/ostrowskatv.pl\/wp-content\/uploads\/2022\/05\/20220520_125524-01.jpeg 1366w, https:\/\/ostrowskatv.pl\/wp-content\/uploads\/2022\/05\/20220520_125524-01-300x199.jpeg 300w, https:\/\/ostrowskatv.pl\/wp-content\/uploads\/2022\/05\/20220520_125524-01-542x360.jpeg 542w\" sizes=\"auto, (max-width: 1366px) 100vw, 1366px\" \/><\/p>\n<p><img loading=\"lazy\" decoding=\"async\" src=\"https:\/\/ostrowskatv.pl\/wp-content\/uploads\/2022\/05\/20220520_125249-01.jpeg\" alt=\"\" width=\"1366\" height=\"840\" class=\"alignnone size-full wp-image-19295\" srcset=\"https:\/\/ostrowskatv.pl\/wp-content\/uploads\/2022\/05\/20220520_125249-01.jpeg 1366w, https:\/\/ostrowskatv.pl\/wp-content\/uploads\/2022\/05\/20220520_125249-01-300x184.jpeg 300w, https:\/\/ostrowskatv.pl\/wp-content\/uploads\/2022\/05\/20220520_125249-01-585x360.jpeg 585w\" sizes=\"auto, (max-width: 1366px) 100vw, 1366px\" \/><\/p>\n<p><img loading=\"lazy\" decoding=\"async\" src=\"https:\/\/ostrowskatv.pl\/wp-content\/uploads\/2022\/05\/20220520_125221-01.jpeg\" alt=\"\" width=\"1366\" height=\"1025\" class=\"alignnone size-full wp-image-19296\" srcset=\"https:\/\/ostrowskatv.pl\/wp-content\/uploads\/2022\/05\/20220520_125221-01.jpeg 1366w, https:\/\/ostrowskatv.pl\/wp-content\/uploads\/2022\/05\/20220520_125221-01-300x225.jpeg 300w, https:\/\/ostrowskatv.pl\/wp-content\/uploads\/2022\/05\/20220520_125221-01-480x360.jpeg 480w\" sizes=\"auto, (max-width: 1366px) 100vw, 1366px\" \/><\/p>\n<p><img loading=\"lazy\" decoding=\"async\" src=\"https:\/\/ostrowskatv.pl\/wp-content\/uploads\/2022\/05\/20220520_125216-01.jpeg\" alt=\"\" width=\"1365\" height=\"822\" class=\"alignnone size-full wp-image-19297\" srcset=\"https:\/\/ostrowskatv.pl\/wp-content\/uploads\/2022\/05\/20220520_125216-01.jpeg 1365w, https:\/\/ostrowskatv.pl\/wp-content\/uploads\/2022\/05\/20220520_125216-01-300x181.jpeg 300w, https:\/\/ostrowskatv.pl\/wp-content\/uploads\/2022\/05\/20220520_125216-01-598x360.jpeg 598w\" sizes=\"auto, (max-width: 1365px) 100vw, 1365px\" \/><\/p>\n<p><img loading=\"lazy\" decoding=\"async\" src=\"https:\/\/ostrowskatv.pl\/wp-content\/uploads\/2022\/05\/20220520_125210-01.jpeg\" alt=\"\" width=\"1366\" height=\"1025\" class=\"alignnone size-full wp-image-19298\" srcset=\"https:\/\/ostrowskatv.pl\/wp-content\/uploads\/2022\/05\/20220520_125210-01.jpeg 1366w, https:\/\/ostrowskatv.pl\/wp-content\/uploads\/2022\/05\/20220520_125210-01-300x225.jpeg 300w, https:\/\/ostrowskatv.pl\/wp-content\/uploads\/2022\/05\/20220520_125210-01-480x360.jpeg 480w\" sizes=\"auto, (max-width: 1366px) 100vw, 1366px\" \/><\/p>\n<p><img loading=\"lazy\" decoding=\"async\" src=\"https:\/\/ostrowskatv.pl\/wp-content\/uploads\/2022\/05\/20220520_125204-01.jpeg\" alt=\"\" width=\"1366\" height=\"1025\" class=\"alignnone size-full wp-image-19299\" srcset=\"https:\/\/ostrowskatv.pl\/wp-content\/uploads\/2022\/05\/20220520_125204-01.jpeg 1366w, https:\/\/ostrowskatv.pl\/wp-content\/uploads\/2022\/05\/20220520_125204-01-300x225.jpeg 300w, https:\/\/ostrowskatv.pl\/wp-content\/uploads\/2022\/05\/20220520_125204-01-480x360.jpeg 480w\" sizes=\"auto, (max-width: 1366px) 100vw, 1366px\" \/><\/p>\n","protected":false},"excerpt":{"rendered":"W tym roku przypada 30 lat od momentu powstania Pa\u0144stwowej Stra\u017cy Po\u017carnej. Tegoroczne wojew\u00f3dzkie obchody Dnia Stra\u017caka zorganizowano w Pleszewie. Stra\u017cakom wr\u0119czono odznaczenia, \n<a class=\"moretag\" href=\"https:\/\/ostrowskatv.pl\/?p=19283\"> [...]<\/a>","protected":false},"author":1,"featured_media":19299,"comment_status":"open","ping_status":"closed","sticky":false,"template":"","format":"standard","meta":{"footnotes":""},"categories":[1],"tags":[188],"class_list":["post-19283","post","type-post","status-publish","format-standard","has-post-thumbnail","hentry","category-news","tag-straz-pozarna"],"_links":{"self":[{"href":"https:\/\/ostrowskatv.pl\/index.php?rest_route=\/wp\/v2\/posts\/19283","targetHints":{"allow":["GET"]}}],"collection":[{"href":"https:\/\/ostrowskatv.pl\/index.php?rest_route=\/wp\/v2\/posts"}],"about":[{"href":"https:\/\/ostrowskatv.pl\/index.php?rest_route=\/wp\/v2\/types\/post"}],"author":[{"embeddable":true,"href":"https:\/\/ostrowskatv.pl\/index.php?rest_route=\/wp\/v2\/users\/1"}],"replies":[{"embeddable":true,"href":"https:\/\/ostrowskatv.pl\/index.php?rest_route=%2Fwp%2Fv2%2Fcomments&post=19283"}],"version-history":[{"count":0,"href":"https:\/\/ostrowskatv.pl\/index.php?rest_route=\/wp\/v2\/posts\/19283\/revisions"}],"wp:featuredmedia":[{"embeddable":true,"href":"https:\/\/ostrowskatv.pl\/index.php?rest_route=\/wp\/v2\/media\/19299"}],"wp:attachment":[{"href":"https:\/\/ostrowskatv.pl\/index.php?rest_route=%2Fwp%2Fv2%2Fmedia&parent=19283"}],"wp:term":[{"taxonomy":"category","embeddable":true,"href":"https:\/\/ostrowskatv.pl\/index.php?rest_route=%2Fwp%2Fv2%2Fcategories&post=19283"},{"taxonomy":"post_tag","embeddable":true,"href":"https:\/\/ostrowskatv.pl\/index.php?rest_route=%2Fwp%2Fv2%2Ftags&post=19283"}],"curies":[{"name":"wp","href":"https:\/\/api.w.org\/{rel}","templated":true}]}}