{"id":1926,"date":"2016-07-30T16:38:19","date_gmt":"2016-07-30T15:38:19","guid":{"rendered":"http:\/\/ostrowska.tv\/?p=1926"},"modified":"2016-07-30T16:38:19","modified_gmt":"2016-07-30T15:38:19","slug":"im-ciemniej-tym-przyjemniej","status":"publish","type":"post","link":"https:\/\/ostrowskatv.pl\/?p=1926","title":{"rendered":"Im ciemniej tym przyjemniej?"},"content":{"rendered":"<p><strong>O\u015bwietlenie na terenie Ostrowa Wlkp. jest zamontowano bez \u0142adu i sk\u0142adu. Takie wra\u017cenie mo\u017cna odnie\u015b\u0107 przemierzaj\u0105c z uwag\u0105 ulice naszego miasta p\u00f3\u017an\u0105 por\u0105. W\u0142a\u015bnie wtedy, gdy urz\u0119dnicy nie my\u015bl\u0105 o rozwoju miasta, bo przecie\u017c oni pracuj\u0105 tylko od 8 do 16:00. Poza drogami przelotowymi, na kt\u00f3rych zamontowano o\u015bwietlenie ledowe o barwie jasno-zimnej, wi\u0119kszo\u015b\u0107 ulic w \u015br\u00f3dmie\u015bciu ma zamontowane lampy sodowe zapewniaj\u0105ce barw\u0119 z\u00f3\u0142to-pomara\u0144czow\u0105. Mo\u017ce i nie by\u0142o w tym nic niezwyk\u0142ego, gdyby nie ra\u017c\u0105ce szczeg\u00f3\u0142y.<\/strong><\/p>\n<p>Zacznijmy od najmocniej o\u015bwietlonej ulicy &#8211; Wiosny Lud\u00f3w. Moc lamp sodowych jest na tyle du\u017ca i\u017c ka\u017cdy mo\u017ce poczu\u0107 si\u0119 jakby wci\u0105\u017c by\u0142 dzie\u0144. Jedynie barwa otaczaj\u0105cej nas rzeczywisto\u015bci jest zak\u0142\u00f3cona. I najwi\u0119kszy kontrast dla tej ulicy stanowi wyj\u015bcie z Rynku ulic\u0105 Wroc\u0142awsk\u0105. Na tym odcinku nie ma \u017cadnej latarni. Znikome promyki \u015bwiat\u0142a pochodz\u0105 z wystaw okolicznych sklep\u00f3w. Jest ciemno jak w &#8230;..<\/p>\n<p><img loading=\"lazy\" decoding=\"async\" class=\"alignnone size-full wp-image-1927\" src=\"http:\/\/ostrowska.tv\/wp-content\/uploads\/2016\/07\/kontrast-wro-wio.jpg\" alt=\"kontrast-wro-wio\" width=\"800\" height=\"187\" srcset=\"https:\/\/ostrowskatv.pl\/wp-content\/uploads\/2016\/07\/kontrast-wro-wio.jpg 800w, https:\/\/ostrowskatv.pl\/wp-content\/uploads\/2016\/07\/kontrast-wro-wio-300x70.jpg 300w, https:\/\/ostrowskatv.pl\/wp-content\/uploads\/2016\/07\/kontrast-wro-wio-640x150.jpg 640w\" sizes=\"auto, (max-width: 800px) 100vw, 800px\" \/><\/p>\n<p>Id\u0105c dalej ulic\u0105 Wroc\u0142awsk\u0105, kt\u00f3r\u0105 przecie\u017c przemierza wielu m\u0142odych ludzi &#8211; za spraw\u0105 lokalu rozrywkowego YoYo, o\u015bwietlenie pozostawia wiele do \u017cyczenia. Jedn\u0105 z kamienic wyremontowano i zlikwidowano latarni\u0119. Kolejne daj\u0105 miejscow\u0105 jasno\u015b\u0107.<\/p>\n<p><img loading=\"lazy\" decoding=\"async\" class=\"alignnone size-full wp-image-1928\" src=\"http:\/\/ostrowska.tv\/wp-content\/uploads\/2016\/07\/wroclawska.jpg\" alt=\"wroclawska\" width=\"800\" height=\"600\" srcset=\"https:\/\/ostrowskatv.pl\/wp-content\/uploads\/2016\/07\/wroclawska.jpg 800w, https:\/\/ostrowskatv.pl\/wp-content\/uploads\/2016\/07\/wroclawska-300x225.jpg 300w, https:\/\/ostrowskatv.pl\/wp-content\/uploads\/2016\/07\/wroclawska-480x360.jpg 480w\" sizes=\"auto, (max-width: 800px) 100vw, 800px\" \/><\/p>\n<p>Na innych ulicach \u015br\u00f3dmie\u015bcia jest istny niedob\u00f3r \u015bwiat\u0142a. Powoduje to zmniejszenie bezpiecze\u0144stwa dla os\u00f3b wracaj\u0105cych z imprez czy spotka\u0144 towarzyskich.<\/p>\n<p>Tragicznie wygl\u0105da o\u015bwietlenie na Placu 23 stycznia po stronie zachodniej, co pi\u0119knie kontrastuje z ulic\u0105 D\u0105browskiego widoczn\u0105 z prawej strony zdj\u0119cia.<\/p>\n<p><img loading=\"lazy\" decoding=\"async\" class=\"alignnone size-full wp-image-1929\" src=\"http:\/\/ostrowska.tv\/wp-content\/uploads\/2016\/07\/plac-dabr.jpg\" alt=\"plac-dabr\" width=\"800\" height=\"173\" srcset=\"https:\/\/ostrowskatv.pl\/wp-content\/uploads\/2016\/07\/plac-dabr.jpg 800w, https:\/\/ostrowskatv.pl\/wp-content\/uploads\/2016\/07\/plac-dabr-300x65.jpg 300w, https:\/\/ostrowskatv.pl\/wp-content\/uploads\/2016\/07\/plac-dabr-640x138.jpg 640w\" sizes=\"auto, (max-width: 800px) 100vw, 800px\" \/><\/p>\n<p>Totalny brak o\u015bwietlenia jest na przej\u015bciu pomi\u0119dzy konkatedr\u0105, a Parkiem Miejskim id\u0105c po skosie ko\u0142o Banku Ochrony \u015arodowiska. Alternatyw\u0105 jest cz\u0119\u015bciowo jasne przej\u015bcie od aresztu:<\/p>\n<p><img loading=\"lazy\" decoding=\"async\" class=\"alignnone size-full wp-image-1930\" src=\"http:\/\/ostrowska.tv\/wp-content\/uploads\/2016\/07\/konka.jpg\" alt=\"konka\" width=\"640\" height=\"480\" srcset=\"https:\/\/ostrowskatv.pl\/wp-content\/uploads\/2016\/07\/konka.jpg 640w, https:\/\/ostrowskatv.pl\/wp-content\/uploads\/2016\/07\/konka-300x225.jpg 300w, https:\/\/ostrowskatv.pl\/wp-content\/uploads\/2016\/07\/konka-480x360.jpg 480w\" sizes=\"auto, (max-width: 640px) 100vw, 640px\" \/><\/p>\n<p>Hitem ostatnich dni jest brak o\u015bwietlenia na najbardziej reprezentacyjnym rondzie Ostrowa Wlkp. przy skrzy\u017cowaniu Wroc\u0142awska\/G\u0142ogowska. By\u0107 mo\u017ce kto\u015b chcia\u0142 uwidoczni\u0107 ledwo o\u015bwietlone wozy ze \u015brodka ronda.<\/p>\n<p><img loading=\"lazy\" decoding=\"async\" class=\"alignnone size-full wp-image-1931\" src=\"http:\/\/ostrowska.tv\/wp-content\/uploads\/2016\/07\/rondo-bankowe.jpg\" alt=\"rondo-bankowe\" width=\"800\" height=\"600\" srcset=\"https:\/\/ostrowskatv.pl\/wp-content\/uploads\/2016\/07\/rondo-bankowe.jpg 800w, https:\/\/ostrowskatv.pl\/wp-content\/uploads\/2016\/07\/rondo-bankowe-300x225.jpg 300w, https:\/\/ostrowskatv.pl\/wp-content\/uploads\/2016\/07\/rondo-bankowe-480x360.jpg 480w\" sizes=\"auto, (max-width: 800px) 100vw, 800px\" \/><\/p>\n<p>Takich zdj\u0119\u0107 mo\u017cna by tu jeszcze wkleja\u0107 wiele. Oczekujemy, \u017ce maj\u0105c takich specjalist\u00f3w jak &#8222;in\u017cynier miasta&#8221;, &#8222;plastyk miejski&#8221; i im podobni, kto\u015b po\u015bwi\u0119ci si\u0119, dokona inwentaryzacji o\u015bwietlenia na terenie miasta i sprawi, \u017ce zacznie ono spe\u0142nia\u0107 swoje podstawowe funkcje. Na koniec polecamy jedn\u0105 z lektur: http:\/\/www.zdroweoswietlenie.pl\/index2.php?go=kampania_s_bialego<\/p>\n<p><strong>A Wy co s\u0105dzicie o o\u015bwietleniu naszego miasta? Piszcie w komentarzach<\/strong><\/p>\n<p>&nbsp;<\/p>\n","protected":false},"excerpt":{"rendered":"O\u015bwietlenie na terenie Ostrowa Wlkp. jest zamontowano bez \u0142adu i sk\u0142adu. Takie wra\u017cenie mo\u017cna odnie\u015b\u0107 przemierzaj\u0105c z uwag\u0105 ulice naszego miasta p\u00f3\u017an\u0105 por\u0105. \n<a class=\"moretag\" href=\"https:\/\/ostrowskatv.pl\/?p=1926\"> [...]<\/a>","protected":false},"author":1,"featured_media":1927,"comment_status":"open","ping_status":"open","sticky":false,"template":"","format":"standard","meta":{"footnotes":""},"categories":[1],"tags":[2],"class_list":["post-1926","post","type-post","status-publish","format-standard","has-post-thumbnail","hentry","category-news","tag-ostrow-wielkopolski"],"_links":{"self":[{"href":"https:\/\/ostrowskatv.pl\/index.php?rest_route=\/wp\/v2\/posts\/1926","targetHints":{"allow":["GET"]}}],"collection":[{"href":"https:\/\/ostrowskatv.pl\/index.php?rest_route=\/wp\/v2\/posts"}],"about":[{"href":"https:\/\/ostrowskatv.pl\/index.php?rest_route=\/wp\/v2\/types\/post"}],"author":[{"embeddable":true,"href":"https:\/\/ostrowskatv.pl\/index.php?rest_route=\/wp\/v2\/users\/1"}],"replies":[{"embeddable":true,"href":"https:\/\/ostrowskatv.pl\/index.php?rest_route=%2Fwp%2Fv2%2Fcomments&post=1926"}],"version-history":[{"count":0,"href":"https:\/\/ostrowskatv.pl\/index.php?rest_route=\/wp\/v2\/posts\/1926\/revisions"}],"wp:featuredmedia":[{"embeddable":true,"href":"https:\/\/ostrowskatv.pl\/index.php?rest_route=\/wp\/v2\/media\/1927"}],"wp:attachment":[{"href":"https:\/\/ostrowskatv.pl\/index.php?rest_route=%2Fwp%2Fv2%2Fmedia&parent=1926"}],"wp:term":[{"taxonomy":"category","embeddable":true,"href":"https:\/\/ostrowskatv.pl\/index.php?rest_route=%2Fwp%2Fv2%2Fcategories&post=1926"},{"taxonomy":"post_tag","embeddable":true,"href":"https:\/\/ostrowskatv.pl\/index.php?rest_route=%2Fwp%2Fv2%2Ftags&post=1926"}],"curies":[{"name":"wp","href":"https:\/\/api.w.org\/{rel}","templated":true}]}}