{"id":19240,"date":"2022-05-16T07:10:03","date_gmt":"2022-05-16T06:10:03","guid":{"rendered":"https:\/\/ostrowskatv.pl\/?p=19240"},"modified":"2022-05-16T07:10:03","modified_gmt":"2022-05-16T06:10:03","slug":"kolejny-poscig-tym-razem-w-rejonie-grabowskiej","status":"publish","type":"post","link":"https:\/\/ostrowskatv.pl\/?p=19240","title":{"rendered":"Kolejny po\u015bcig. Tym razem w rejonie Grabowskiej"},"content":{"rendered":"<p><strong>W nocy z soboty na niedziel\u0119 policjanci z drog\u00f3wki prowadzili kontrole na ulicy Grabowskiej w Ostrowie Wielkopolskim. Namierzyli renault scenic, kt\u00f3rego kierowca pope\u0142nia\u0142 wykroczenie. Kiedy policjant pr\u00f3bowa\u0142 go zatrzyma\u0107, ten go omin\u0105\u0142 i pojecha\u0142 dalej w stron\u0119 osiedla Pru\u015blin.<\/strong><\/p>\n<p>Policjanci postanowili dogoni\u0107 uciekiniera. Renault scenic skr\u0119ci\u0142 w jedn\u0105 z bocznych ulic. Zatrzyma\u0142 pojazd i wybieg\u0142. Trudno powiedzie\u0107 na co liczy\u0142, ale wewn\u0105trz auta zosta\u0142o dw\u00f3ch pasa\u017cer\u00f3w, kt\u00f3rzy raczej widzieli kto kierowa\u0142.<\/p>\n<p>Ponadto m\u0119\u017cczy\u017ani zostali zatrzymani za &#8222;wszczynanie awantury&#8221;. Oboje byli nietrze\u017awi. Policja ustala kto prowadzi\u0142 francuskie auto.<\/p>\n","protected":false},"excerpt":{"rendered":"W nocy z soboty na niedziel\u0119 policjanci z drog\u00f3wki prowadzili kontrole na ulicy Grabowskiej w Ostrowie Wielkopolskim. Namierzyli renault scenic, kt\u00f3rego kierowca pope\u0142nia\u0142 \n<a class=\"moretag\" href=\"https:\/\/ostrowskatv.pl\/?p=19240\"> [...]<\/a>","protected":false},"author":1,"featured_media":19242,"comment_status":"open","ping_status":"closed","sticky":false,"template":"","format":"standard","meta":{"footnotes":""},"categories":[1],"tags":[68],"class_list":["post-19240","post","type-post","status-publish","format-standard","has-post-thumbnail","hentry","category-news","tag-poscig"],"_links":{"self":[{"href":"https:\/\/ostrowskatv.pl\/index.php?rest_route=\/wp\/v2\/posts\/19240","targetHints":{"allow":["GET"]}}],"collection":[{"href":"https:\/\/ostrowskatv.pl\/index.php?rest_route=\/wp\/v2\/posts"}],"about":[{"href":"https:\/\/ostrowskatv.pl\/index.php?rest_route=\/wp\/v2\/types\/post"}],"author":[{"embeddable":true,"href":"https:\/\/ostrowskatv.pl\/index.php?rest_route=\/wp\/v2\/users\/1"}],"replies":[{"embeddable":true,"href":"https:\/\/ostrowskatv.pl\/index.php?rest_route=%2Fwp%2Fv2%2Fcomments&post=19240"}],"version-history":[{"count":0,"href":"https:\/\/ostrowskatv.pl\/index.php?rest_route=\/wp\/v2\/posts\/19240\/revisions"}],"wp:featuredmedia":[{"embeddable":true,"href":"https:\/\/ostrowskatv.pl\/index.php?rest_route=\/wp\/v2\/media\/19242"}],"wp:attachment":[{"href":"https:\/\/ostrowskatv.pl\/index.php?rest_route=%2Fwp%2Fv2%2Fmedia&parent=19240"}],"wp:term":[{"taxonomy":"category","embeddable":true,"href":"https:\/\/ostrowskatv.pl\/index.php?rest_route=%2Fwp%2Fv2%2Fcategories&post=19240"},{"taxonomy":"post_tag","embeddable":true,"href":"https:\/\/ostrowskatv.pl\/index.php?rest_route=%2Fwp%2Fv2%2Ftags&post=19240"}],"curies":[{"name":"wp","href":"https:\/\/api.w.org\/{rel}","templated":true}]}}