{"id":1922,"date":"2016-07-30T01:17:40","date_gmt":"2016-07-30T00:17:40","guid":{"rendered":"http:\/\/ostrowska.tv\/?p=1922"},"modified":"2016-07-30T01:17:40","modified_gmt":"2016-07-30T00:17:40","slug":"dwa-pozary-w-jedna-noc","status":"publish","type":"post","link":"https:\/\/ostrowskatv.pl\/?p=1922","title":{"rendered":"Dwa po\u017cary w jedn\u0105 noc"},"content":{"rendered":"<p>W nocy z pi\u0105tku na sobot\u0119 dosz\u0142o do dw\u00f3ch po\u017car\u00f3w na terenie Ostrowa Wlkp. Najpierw p\u00f3\u0142 godziny po p\u00f3\u0142nocy zauwa\u017cono po\u017car budynku przy ulicy Grabowskiej. Na miejsce wezwano w pierwszym momencie dwa wozy ga\u015bnicze. P\u00f3\u017aniej wezwano jeszcze podno\u015bnik. Do ca\u0142kowitej neutralizacji wezwano jeszcze dwa zast\u0119py w tym 1 z OSP Ostr\u00f3w Wielkopolski. W \u015brodku nie znaleziono os\u00f3b poszkodowanych. Przypomnijmy,\u00a0 \u017ce ten obiekt w ostatnim roku ju\u017c raz p\u0142on\u0105\u0142.<\/p>\n<p><img loading=\"lazy\" decoding=\"async\" class=\"alignnone size-full wp-image-1923\" src=\"http:\/\/ostrowska.tv\/wp-content\/uploads\/2016\/07\/tmp_26901-grabowska-pustostan-1907072142.jpg\" alt=\"tmp_26901-grabowska-pustostan-1907072142\" width=\"700\" height=\"525\" srcset=\"https:\/\/ostrowskatv.pl\/wp-content\/uploads\/2016\/07\/tmp_26901-grabowska-pustostan-1907072142.jpg 700w, https:\/\/ostrowskatv.pl\/wp-content\/uploads\/2016\/07\/tmp_26901-grabowska-pustostan-1907072142-300x225.jpg 300w, https:\/\/ostrowskatv.pl\/wp-content\/uploads\/2016\/07\/tmp_26901-grabowska-pustostan-1907072142-480x360.jpg 480w\" sizes=\"auto, (max-width: 700px) 100vw, 700px\" \/><\/p>\n<p>Ju\u017c po godzinie 1 w nocy zauwa\u017cono po\u017car altany na terenie ogrod\u00f3w dzia\u0142kowych przy ul. Strzeleckiej. By\u0142a ca\u0142kowicie obj\u0119ta p\u0142omieniami. W obydw\u00f3ch przypadkach najbardziej prawdopodobne wydaje si\u0119 by\u0107 podpalenie jako przyczyna po\u017caru.<\/p>\n<p><img loading=\"lazy\" decoding=\"async\" class=\"alignnone size-full wp-image-1924\" src=\"http:\/\/ostrowska.tv\/wp-content\/uploads\/2016\/07\/tmp_26901-pozar-altana-825042045.jpg\" alt=\"tmp_26901-pozar-altana-825042045\" width=\"700\" height=\"351\" srcset=\"https:\/\/ostrowskatv.pl\/wp-content\/uploads\/2016\/07\/tmp_26901-pozar-altana-825042045.jpg 700w, https:\/\/ostrowskatv.pl\/wp-content\/uploads\/2016\/07\/tmp_26901-pozar-altana-825042045-300x150.jpg 300w, https:\/\/ostrowskatv.pl\/wp-content\/uploads\/2016\/07\/tmp_26901-pozar-altana-825042045-640x321.jpg 640w\" sizes=\"auto, (max-width: 700px) 100vw, 700px\" \/><\/p>\n","protected":false},"excerpt":{"rendered":"W nocy z pi\u0105tku na sobot\u0119 dosz\u0142o do dw\u00f3ch po\u017car\u00f3w na terenie Ostrowa Wlkp. Najpierw p\u00f3\u0142 godziny po p\u00f3\u0142nocy zauwa\u017cono po\u017car budynku przy \n<a class=\"moretag\" href=\"https:\/\/ostrowskatv.pl\/?p=1922\"> [...]<\/a>","protected":false},"author":1,"featured_media":1924,"comment_status":"open","ping_status":"open","sticky":false,"template":"","format":"standard","meta":{"footnotes":""},"categories":[1],"tags":[2],"class_list":["post-1922","post","type-post","status-publish","format-standard","has-post-thumbnail","hentry","category-news","tag-ostrow-wielkopolski"],"_links":{"self":[{"href":"https:\/\/ostrowskatv.pl\/index.php?rest_route=\/wp\/v2\/posts\/1922","targetHints":{"allow":["GET"]}}],"collection":[{"href":"https:\/\/ostrowskatv.pl\/index.php?rest_route=\/wp\/v2\/posts"}],"about":[{"href":"https:\/\/ostrowskatv.pl\/index.php?rest_route=\/wp\/v2\/types\/post"}],"author":[{"embeddable":true,"href":"https:\/\/ostrowskatv.pl\/index.php?rest_route=\/wp\/v2\/users\/1"}],"replies":[{"embeddable":true,"href":"https:\/\/ostrowskatv.pl\/index.php?rest_route=%2Fwp%2Fv2%2Fcomments&post=1922"}],"version-history":[{"count":0,"href":"https:\/\/ostrowskatv.pl\/index.php?rest_route=\/wp\/v2\/posts\/1922\/revisions"}],"wp:featuredmedia":[{"embeddable":true,"href":"https:\/\/ostrowskatv.pl\/index.php?rest_route=\/wp\/v2\/media\/1924"}],"wp:attachment":[{"href":"https:\/\/ostrowskatv.pl\/index.php?rest_route=%2Fwp%2Fv2%2Fmedia&parent=1922"}],"wp:term":[{"taxonomy":"category","embeddable":true,"href":"https:\/\/ostrowskatv.pl\/index.php?rest_route=%2Fwp%2Fv2%2Fcategories&post=1922"},{"taxonomy":"post_tag","embeddable":true,"href":"https:\/\/ostrowskatv.pl\/index.php?rest_route=%2Fwp%2Fv2%2Ftags&post=1922"}],"curies":[{"name":"wp","href":"https:\/\/api.w.org\/{rel}","templated":true}]}}