{"id":19173,"date":"2022-05-15T10:28:27","date_gmt":"2022-05-15T09:28:27","guid":{"rendered":"https:\/\/ostrowskatv.pl\/?p=19173"},"modified":"2022-05-15T10:28:36","modified_gmt":"2022-05-15T09:28:36","slug":"nocny-pozar-przy-krancowej","status":"publish","type":"post","link":"https:\/\/ostrowskatv.pl\/?p=19173","title":{"rendered":"Nocny po\u017car przy Kra\u0144cowej (ZDJ\u0118CIA)"},"content":{"rendered":"<p><strong>20 minut po p\u00f3\u0142nocy pod numer alarmowy 112 zg\u0142oszono po\u017car obiektu przy ulicy Kra\u0144cowej w Ostrowie Wielkopolskim. Na miejsce wys\u0142ano 4 wozy Pa\u0144stwowej Stra\u017cy Po\u017carnej oraz jeden w\u00f3z OSP Ostr\u00f3w Wlkp.<\/strong><\/p>\n<p>W chwili przybycia zast\u0119p\u00f3w ca\u0142a konstrukcja by\u0142a w ogniu. By\u0142a to tzw. lekka konstrukcja szkieletowa na kszta\u0142t szklarni tyle, \u017ce z tworzywa sztucznego. Wymiary to 20&#215;8 i wysoko\u015b\u0107 4 metry. Jak ustalili stra\u017cacy wewn\u0105trz znajdowa\u0142y si\u0119 odpady po tzw. remontach.<\/p>\n<p>Stra\u017cacy ustalili, \u017ce do &#8222;namiotu&#8221; nie by\u0142 doprowadzony pr\u0105d. Dzia\u0142ania stra\u017cak\u00f3w zako\u0144czy\u0142y si\u0119 po dw\u00f3ch godzinach.<\/p>\n<figure id=\"attachment_19174\" aria-describedby=\"caption-attachment-19174\" style=\"width: 1124px\" class=\"wp-caption alignnone\"><img loading=\"lazy\" decoding=\"async\" class=\"size-full wp-image-19174\" src=\"https:\/\/ostrowskatv.pl\/wp-content\/uploads\/2022\/05\/org_0e5337fe64239636_1652604000000-01.jpeg\" alt=\"\" width=\"1124\" height=\"1366\" srcset=\"https:\/\/ostrowskatv.pl\/wp-content\/uploads\/2022\/05\/org_0e5337fe64239636_1652604000000-01.jpeg 1124w, https:\/\/ostrowskatv.pl\/wp-content\/uploads\/2022\/05\/org_0e5337fe64239636_1652604000000-01-247x300.jpeg 247w, https:\/\/ostrowskatv.pl\/wp-content\/uploads\/2022\/05\/org_0e5337fe64239636_1652604000000-01-296x360.jpeg 296w\" sizes=\"auto, (max-width: 1124px) 100vw, 1124px\" \/><figcaption id=\"caption-attachment-19174\" class=\"wp-caption-text\">DCIM100MEDIADJI_0006.JPG<\/figcaption><\/figure>\n<figure id=\"attachment_19175\" aria-describedby=\"caption-attachment-19175\" style=\"width: 1366px\" class=\"wp-caption alignnone\"><img loading=\"lazy\" decoding=\"async\" class=\"size-full wp-image-19175\" src=\"https:\/\/ostrowskatv.pl\/wp-content\/uploads\/2022\/05\/org_078097114a2f6a3f_1652603988000-01.jpeg\" alt=\"\" width=\"1366\" height=\"886\" srcset=\"https:\/\/ostrowskatv.pl\/wp-content\/uploads\/2022\/05\/org_078097114a2f6a3f_1652603988000-01.jpeg 1366w, https:\/\/ostrowskatv.pl\/wp-content\/uploads\/2022\/05\/org_078097114a2f6a3f_1652603988000-01-300x195.jpeg 300w, https:\/\/ostrowskatv.pl\/wp-content\/uploads\/2022\/05\/org_078097114a2f6a3f_1652603988000-01-555x360.jpeg 555w\" sizes=\"auto, (max-width: 1366px) 100vw, 1366px\" \/><figcaption id=\"caption-attachment-19175\" class=\"wp-caption-text\">DCIM100MEDIADJI_0005.JPG<\/figcaption><\/figure>\n<figure id=\"attachment_19176\" aria-describedby=\"caption-attachment-19176\" style=\"width: 1366px\" class=\"wp-caption alignnone\"><img loading=\"lazy\" decoding=\"async\" class=\"size-full wp-image-19176\" src=\"https:\/\/ostrowskatv.pl\/wp-content\/uploads\/2022\/05\/org_3f374dccd3fd360c_1652603978000-01.jpeg\" alt=\"\" width=\"1366\" height=\"1121\" srcset=\"https:\/\/ostrowskatv.pl\/wp-content\/uploads\/2022\/05\/org_3f374dccd3fd360c_1652603978000-01.jpeg 1366w, https:\/\/ostrowskatv.pl\/wp-content\/uploads\/2022\/05\/org_3f374dccd3fd360c_1652603978000-01-300x246.jpeg 300w, https:\/\/ostrowskatv.pl\/wp-content\/uploads\/2022\/05\/org_3f374dccd3fd360c_1652603978000-01-439x360.jpeg 439w\" sizes=\"auto, (max-width: 1366px) 100vw, 1366px\" \/><figcaption id=\"caption-attachment-19176\" class=\"wp-caption-text\">DCIM100MEDIADJI_0004.JPG<\/figcaption><\/figure>\n","protected":false},"excerpt":{"rendered":"20 minut po p\u00f3\u0142nocy pod numer alarmowy 112 zg\u0142oszono po\u017car obiektu przy ulicy Kra\u0144cowej w Ostrowie Wielkopolskim. Na miejsce wys\u0142ano 4 wozy Pa\u0144stwowej \n<a class=\"moretag\" href=\"https:\/\/ostrowskatv.pl\/?p=19173\"> [...]<\/a>","protected":false},"author":1,"featured_media":19175,"comment_status":"open","ping_status":"closed","sticky":false,"template":"","format":"standard","meta":{"footnotes":""},"categories":[1],"tags":[7],"class_list":["post-19173","post","type-post","status-publish","format-standard","has-post-thumbnail","hentry","category-news","tag-pozar"],"_links":{"self":[{"href":"https:\/\/ostrowskatv.pl\/index.php?rest_route=\/wp\/v2\/posts\/19173","targetHints":{"allow":["GET"]}}],"collection":[{"href":"https:\/\/ostrowskatv.pl\/index.php?rest_route=\/wp\/v2\/posts"}],"about":[{"href":"https:\/\/ostrowskatv.pl\/index.php?rest_route=\/wp\/v2\/types\/post"}],"author":[{"embeddable":true,"href":"https:\/\/ostrowskatv.pl\/index.php?rest_route=\/wp\/v2\/users\/1"}],"replies":[{"embeddable":true,"href":"https:\/\/ostrowskatv.pl\/index.php?rest_route=%2Fwp%2Fv2%2Fcomments&post=19173"}],"version-history":[{"count":0,"href":"https:\/\/ostrowskatv.pl\/index.php?rest_route=\/wp\/v2\/posts\/19173\/revisions"}],"wp:featuredmedia":[{"embeddable":true,"href":"https:\/\/ostrowskatv.pl\/index.php?rest_route=\/wp\/v2\/media\/19175"}],"wp:attachment":[{"href":"https:\/\/ostrowskatv.pl\/index.php?rest_route=%2Fwp%2Fv2%2Fmedia&parent=19173"}],"wp:term":[{"taxonomy":"category","embeddable":true,"href":"https:\/\/ostrowskatv.pl\/index.php?rest_route=%2Fwp%2Fv2%2Fcategories&post=19173"},{"taxonomy":"post_tag","embeddable":true,"href":"https:\/\/ostrowskatv.pl\/index.php?rest_route=%2Fwp%2Fv2%2Ftags&post=19173"}],"curies":[{"name":"wp","href":"https:\/\/api.w.org\/{rel}","templated":true}]}}