{"id":19116,"date":"2022-05-11T19:55:04","date_gmt":"2022-05-11T18:55:04","guid":{"rendered":"https:\/\/ostrowskatv.pl\/?p=19116"},"modified":"2022-05-11T19:55:04","modified_gmt":"2022-05-11T18:55:04","slug":"splonal-im-dom-prosza-o-wsparcie-zdjecia","status":"publish","type":"post","link":"https:\/\/ostrowskatv.pl\/?p=19116","title":{"rendered":"Sp\u0142on\u0105\u0142 im dom. Prosz\u0105 o wsparcie (ZDJ\u0118CIA)"},"content":{"rendered":"<p><strong><\/p>\n<blockquote><p>W dniu 8 maja 2022 roku nad ranem w domu moich najbli\u017cszych wybuch po\u017car. Obecnie w domu rodzinnym mieszka m\u00f3j tata z moim bratem i siostr\u0105.<\/strong><\/p>\n<p>Wybuch ognia by\u0142 gro\u017any, mojemu bratu zapali\u0142y si\u0119 w\u0142osy. Ca\u0142e szcz\u0119\u015bcie nie doznali wi\u0119kszych strat fizycznych. Natomiast straty materialne s\u0105 du\u017ce. Konieczny jest remont ca\u0142ego domu, wstawienie nowych okien. Stracili te\u017c ca\u0142y sprz\u0119t, wyposa\u017cone jakie mieli w domu. Dlatego zwracamy si\u0119 do Was z pro\u015bb\u0105 o wsparcie finansowe, aby\u015bmy mogli odbudowa\u0107 nasz dom i by moja rodzina mog\u0142a prowadzi\u0107 \u017cycie jakie mieli sprzed tego tragicznego dla nas wszystkich ranka. Przyda nam si\u0119 ka\u017cda pomoc i ju\u017c w tej chwili bardzo za ni\u0105 dzi\u0119kujemy!<\/p>\n<p>Emilia Karbowa z rodzin\u0105 <\/p><\/blockquote>\n<p><img loading=\"lazy\" decoding=\"async\" src=\"https:\/\/ostrowskatv.pl\/wp-content\/uploads\/2022\/05\/biskupice_po_pozarze01.jpg\" alt=\"\" width=\"1536\" height=\"934\" class=\"alignnone size-full wp-image-19117\" srcset=\"https:\/\/ostrowskatv.pl\/wp-content\/uploads\/2022\/05\/biskupice_po_pozarze01.jpg 1536w, https:\/\/ostrowskatv.pl\/wp-content\/uploads\/2022\/05\/biskupice_po_pozarze01-300x182.jpg 300w, https:\/\/ostrowskatv.pl\/wp-content\/uploads\/2022\/05\/biskupice_po_pozarze01-592x360.jpg 592w\" sizes=\"auto, (max-width: 1536px) 100vw, 1536px\" \/><\/p>\n<p><img loading=\"lazy\" decoding=\"async\" src=\"https:\/\/ostrowskatv.pl\/wp-content\/uploads\/2022\/05\/biskupice_po_pozarze07.jpg\" alt=\"\" width=\"1536\" height=\"2048\" class=\"alignnone size-full wp-image-19118\" srcset=\"https:\/\/ostrowskatv.pl\/wp-content\/uploads\/2022\/05\/biskupice_po_pozarze07.jpg 1536w, https:\/\/ostrowskatv.pl\/wp-content\/uploads\/2022\/05\/biskupice_po_pozarze07-225x300.jpg 225w, https:\/\/ostrowskatv.pl\/wp-content\/uploads\/2022\/05\/biskupice_po_pozarze07-270x360.jpg 270w, https:\/\/ostrowskatv.pl\/wp-content\/uploads\/2022\/05\/biskupice_po_pozarze07-1152x1536.jpg 1152w\" sizes=\"auto, (max-width: 1536px) 100vw, 1536px\" \/><\/p>\n<p><img loading=\"lazy\" decoding=\"async\" src=\"https:\/\/ostrowskatv.pl\/wp-content\/uploads\/2022\/05\/biskupice_po_pozarze06.jpg\" alt=\"\" width=\"1536\" height=\"2048\" class=\"alignnone size-full wp-image-19119\" srcset=\"https:\/\/ostrowskatv.pl\/wp-content\/uploads\/2022\/05\/biskupice_po_pozarze06.jpg 1536w, https:\/\/ostrowskatv.pl\/wp-content\/uploads\/2022\/05\/biskupice_po_pozarze06-225x300.jpg 225w, https:\/\/ostrowskatv.pl\/wp-content\/uploads\/2022\/05\/biskupice_po_pozarze06-270x360.jpg 270w, https:\/\/ostrowskatv.pl\/wp-content\/uploads\/2022\/05\/biskupice_po_pozarze06-1152x1536.jpg 1152w\" sizes=\"auto, (max-width: 1536px) 100vw, 1536px\" \/><\/p>\n<p><img loading=\"lazy\" decoding=\"async\" src=\"https:\/\/ostrowskatv.pl\/wp-content\/uploads\/2022\/05\/biskupice_po_pozarze05.jpg\" alt=\"\" width=\"1536\" height=\"2048\" class=\"alignnone size-full wp-image-19120\" srcset=\"https:\/\/ostrowskatv.pl\/wp-content\/uploads\/2022\/05\/biskupice_po_pozarze05.jpg 1536w, https:\/\/ostrowskatv.pl\/wp-content\/uploads\/2022\/05\/biskupice_po_pozarze05-225x300.jpg 225w, https:\/\/ostrowskatv.pl\/wp-content\/uploads\/2022\/05\/biskupice_po_pozarze05-270x360.jpg 270w, https:\/\/ostrowskatv.pl\/wp-content\/uploads\/2022\/05\/biskupice_po_pozarze05-1152x1536.jpg 1152w\" sizes=\"auto, (max-width: 1536px) 100vw, 1536px\" \/><\/p>\n<p><img loading=\"lazy\" decoding=\"async\" src=\"https:\/\/ostrowskatv.pl\/wp-content\/uploads\/2022\/05\/biskupice_po_pozarze04.jpg\" alt=\"\" width=\"1536\" height=\"2048\" class=\"alignnone size-full wp-image-19121\" srcset=\"https:\/\/ostrowskatv.pl\/wp-content\/uploads\/2022\/05\/biskupice_po_pozarze04.jpg 1536w, https:\/\/ostrowskatv.pl\/wp-content\/uploads\/2022\/05\/biskupice_po_pozarze04-225x300.jpg 225w, https:\/\/ostrowskatv.pl\/wp-content\/uploads\/2022\/05\/biskupice_po_pozarze04-270x360.jpg 270w, https:\/\/ostrowskatv.pl\/wp-content\/uploads\/2022\/05\/biskupice_po_pozarze04-1152x1536.jpg 1152w\" sizes=\"auto, (max-width: 1536px) 100vw, 1536px\" \/><\/p>\n<p><img loading=\"lazy\" decoding=\"async\" src=\"https:\/\/ostrowskatv.pl\/wp-content\/uploads\/2022\/05\/biskupice_po_pozarze03.jpg\" alt=\"\" width=\"1536\" height=\"2048\" class=\"alignnone size-full wp-image-19122\" srcset=\"https:\/\/ostrowskatv.pl\/wp-content\/uploads\/2022\/05\/biskupice_po_pozarze03.jpg 1536w, https:\/\/ostrowskatv.pl\/wp-content\/uploads\/2022\/05\/biskupice_po_pozarze03-225x300.jpg 225w, https:\/\/ostrowskatv.pl\/wp-content\/uploads\/2022\/05\/biskupice_po_pozarze03-270x360.jpg 270w, https:\/\/ostrowskatv.pl\/wp-content\/uploads\/2022\/05\/biskupice_po_pozarze03-1152x1536.jpg 1152w\" sizes=\"auto, (max-width: 1536px) 100vw, 1536px\" \/><\/p>\n<p><img loading=\"lazy\" decoding=\"async\" src=\"https:\/\/ostrowskatv.pl\/wp-content\/uploads\/2022\/05\/biskupice_po_pozarze02.jpg\" alt=\"\" width=\"1536\" height=\"2048\" class=\"alignnone size-full wp-image-19123\" srcset=\"https:\/\/ostrowskatv.pl\/wp-content\/uploads\/2022\/05\/biskupice_po_pozarze02.jpg 1536w, https:\/\/ostrowskatv.pl\/wp-content\/uploads\/2022\/05\/biskupice_po_pozarze02-225x300.jpg 225w, https:\/\/ostrowskatv.pl\/wp-content\/uploads\/2022\/05\/biskupice_po_pozarze02-270x360.jpg 270w, https:\/\/ostrowskatv.pl\/wp-content\/uploads\/2022\/05\/biskupice_po_pozarze02-1152x1536.jpg 1152w\" sizes=\"auto, (max-width: 1536px) 100vw, 1536px\" \/><\/p>\n<p><a href=\"https:\/\/szczytny-cel.pl\/z\/kaliszkowice-olobockie\">https:\/\/szczytny-cel.pl\/z\/kaliszkowice-olobockie<\/a><\/p>\n","protected":false},"excerpt":{"rendered":"W dniu 8 maja 2022 roku nad ranem w domu moich najbli\u017cszych wybuch po\u017car. Obecnie w domu rodzinnym mieszka m\u00f3j tata z moim \n<a class=\"moretag\" href=\"https:\/\/ostrowskatv.pl\/?p=19116\"> [...]<\/a>","protected":false},"author":1,"featured_media":19117,"comment_status":"open","ping_status":"closed","sticky":false,"template":"","format":"standard","meta":{"footnotes":""},"categories":[1],"tags":[39],"class_list":["post-19116","post","type-post","status-publish","format-standard","has-post-thumbnail","hentry","category-news","tag-pomoc"],"_links":{"self":[{"href":"https:\/\/ostrowskatv.pl\/index.php?rest_route=\/wp\/v2\/posts\/19116","targetHints":{"allow":["GET"]}}],"collection":[{"href":"https:\/\/ostrowskatv.pl\/index.php?rest_route=\/wp\/v2\/posts"}],"about":[{"href":"https:\/\/ostrowskatv.pl\/index.php?rest_route=\/wp\/v2\/types\/post"}],"author":[{"embeddable":true,"href":"https:\/\/ostrowskatv.pl\/index.php?rest_route=\/wp\/v2\/users\/1"}],"replies":[{"embeddable":true,"href":"https:\/\/ostrowskatv.pl\/index.php?rest_route=%2Fwp%2Fv2%2Fcomments&post=19116"}],"version-history":[{"count":0,"href":"https:\/\/ostrowskatv.pl\/index.php?rest_route=\/wp\/v2\/posts\/19116\/revisions"}],"wp:featuredmedia":[{"embeddable":true,"href":"https:\/\/ostrowskatv.pl\/index.php?rest_route=\/wp\/v2\/media\/19117"}],"wp:attachment":[{"href":"https:\/\/ostrowskatv.pl\/index.php?rest_route=%2Fwp%2Fv2%2Fmedia&parent=19116"}],"wp:term":[{"taxonomy":"category","embeddable":true,"href":"https:\/\/ostrowskatv.pl\/index.php?rest_route=%2Fwp%2Fv2%2Fcategories&post=19116"},{"taxonomy":"post_tag","embeddable":true,"href":"https:\/\/ostrowskatv.pl\/index.php?rest_route=%2Fwp%2Fv2%2Ftags&post=19116"}],"curies":[{"name":"wp","href":"https:\/\/api.w.org\/{rel}","templated":true}]}}