{"id":19106,"date":"2022-05-10T10:12:54","date_gmt":"2022-05-10T09:12:54","guid":{"rendered":"https:\/\/ostrowskatv.pl\/?p=19106"},"modified":"2022-05-10T10:12:54","modified_gmt":"2022-05-10T09:12:54","slug":"pozar-przy-domu-na-spacerowej","status":"publish","type":"post","link":"https:\/\/ostrowskatv.pl\/?p=19106","title":{"rendered":"Po\u017car przy domu na Spacerowej"},"content":{"rendered":"<p><strong>Po godzinie 22 ostrowscy stra\u017cacy zostali wys\u0142ani do po\u017caru. Ze zg\u0142oszenia wynika\u0142o, \u017ce ma si\u0119 pali\u0107 w piwnicy domu jednorodzinnego przy ulicy Spacerowej w Ostrowie Wielkopolskim. Na miejscu stra\u017cacy stwierdzili, \u017ce p\u0142omieniami cz\u0119\u015bciowo obj\u0119ta jest konstrukcja gara\u017cu.<\/strong><\/p>\n<p>Jako przyczyn\u0119 wskazano zwarcie w instalacji elektrycznej. Jednak policja prowadzi swoje dochodzenie i na miejscu pracowa\u0142 technik kryminalistyki.<\/p>\n<p><img loading=\"lazy\" decoding=\"async\" src=\"https:\/\/ostrowskatv.pl\/wp-content\/uploads\/2022\/05\/Spacerowa01.jpeg\" alt=\"\" width=\"1366\" height=\"947\" class=\"alignnone size-full wp-image-19107\" srcset=\"https:\/\/ostrowskatv.pl\/wp-content\/uploads\/2022\/05\/Spacerowa01.jpeg 1366w, https:\/\/ostrowskatv.pl\/wp-content\/uploads\/2022\/05\/Spacerowa01-300x208.jpeg 300w, https:\/\/ostrowskatv.pl\/wp-content\/uploads\/2022\/05\/Spacerowa01-519x360.jpeg 519w\" sizes=\"auto, (max-width: 1366px) 100vw, 1366px\" \/><\/p>\n","protected":false},"excerpt":{"rendered":"Po godzinie 22 ostrowscy stra\u017cacy zostali wys\u0142ani do po\u017caru. Ze zg\u0142oszenia wynika\u0142o, \u017ce ma si\u0119 pali\u0107 w piwnicy domu jednorodzinnego przy ulicy Spacerowej \n<a class=\"moretag\" href=\"https:\/\/ostrowskatv.pl\/?p=19106\"> [...]<\/a>","protected":false},"author":1,"featured_media":19108,"comment_status":"open","ping_status":"closed","sticky":false,"template":"","format":"standard","meta":{"footnotes":""},"categories":[1],"tags":[7],"class_list":["post-19106","post","type-post","status-publish","format-standard","has-post-thumbnail","hentry","category-news","tag-pozar"],"_links":{"self":[{"href":"https:\/\/ostrowskatv.pl\/index.php?rest_route=\/wp\/v2\/posts\/19106","targetHints":{"allow":["GET"]}}],"collection":[{"href":"https:\/\/ostrowskatv.pl\/index.php?rest_route=\/wp\/v2\/posts"}],"about":[{"href":"https:\/\/ostrowskatv.pl\/index.php?rest_route=\/wp\/v2\/types\/post"}],"author":[{"embeddable":true,"href":"https:\/\/ostrowskatv.pl\/index.php?rest_route=\/wp\/v2\/users\/1"}],"replies":[{"embeddable":true,"href":"https:\/\/ostrowskatv.pl\/index.php?rest_route=%2Fwp%2Fv2%2Fcomments&post=19106"}],"version-history":[{"count":0,"href":"https:\/\/ostrowskatv.pl\/index.php?rest_route=\/wp\/v2\/posts\/19106\/revisions"}],"wp:featuredmedia":[{"embeddable":true,"href":"https:\/\/ostrowskatv.pl\/index.php?rest_route=\/wp\/v2\/media\/19108"}],"wp:attachment":[{"href":"https:\/\/ostrowskatv.pl\/index.php?rest_route=%2Fwp%2Fv2%2Fmedia&parent=19106"}],"wp:term":[{"taxonomy":"category","embeddable":true,"href":"https:\/\/ostrowskatv.pl\/index.php?rest_route=%2Fwp%2Fv2%2Fcategories&post=19106"},{"taxonomy":"post_tag","embeddable":true,"href":"https:\/\/ostrowskatv.pl\/index.php?rest_route=%2Fwp%2Fv2%2Ftags&post=19106"}],"curies":[{"name":"wp","href":"https:\/\/api.w.org\/{rel}","templated":true}]}}