{"id":19103,"date":"2022-05-09T09:38:08","date_gmt":"2022-05-09T08:38:08","guid":{"rendered":"https:\/\/ostrowskatv.pl\/?p=19103"},"modified":"2022-05-09T09:38:08","modified_gmt":"2022-05-09T08:38:08","slug":"zlapany-pedofil-w-parku-miejskim-zdziwil-sie","status":"publish","type":"post","link":"https:\/\/ostrowskatv.pl\/?p=19103","title":{"rendered":"Z\u0142apany pedofil w parku miejskim zdziwi\u0142 si\u0119"},"content":{"rendered":"<p><strong>Powraca temat m\u0119\u017cczyzny zatrzymanego m. in. \u0141owc\u0119 pedofil\u00f3w i policjant\u00f3w w ostrowskim parku miejskim. \u015aledczy ustalili, \u017ce pomi\u0119dzy 24 a 30 kwietnia za po\u015brednictwem sieci internetowej nieudolnie pr\u00f3bowa\u0142 dokona\u0107 czynu zabronionego. Nak\u0142ania\u0142 do wykonania innej czynno\u015bci seksualnej z ma\u0142oletni\u0105 w wieku poni\u017cej 15. roku \u017cycia.<\/strong><\/p>\n<p>Nast\u0119pnie um\u00f3wi\u0142 si\u0119 w parku Miejskim w Ostrowie Wielkopolskim, ale czynu tego nie dokona\u0142, bo nie zdawa\u0142 sobie sprawy, \u017ce w rzeczywisto\u015bci rozmawia\u0142 z osob\u0105, kt\u00f3ra podawa\u0142a si\u0119 za 12-letni\u0105 Laur\u0119.<\/p>\n<p>M\u0119\u017cczyzna dopu\u015bci\u0142 si\u0119 powy\u017cszego czynu w przeci\u0105gu 5 lat od up\u0142ywu 6 miesi\u0119cy za podobny czyn. Maj\u0105c na uwadze gro\u017c\u0105c\u0105 wysok\u0105 kar\u0119 (4,5 roku wi\u0119zienia) i chc\u0105c zapewni\u0107 prawid\u0142owo\u015b\u0107 post\u0119powania prokurator rejonowy zawnioskowa\u0142 o areszt. <\/p>\n<p>S\u0105d zgodzi\u0142 si\u0119 z jego argumentacj\u0105 i najbli\u017csze 3 miesi\u0105ce sp\u0119dzi w areszcie. <\/p>\n","protected":false},"excerpt":{"rendered":"Powraca temat m\u0119\u017cczyzny zatrzymanego m. in. \u0141owc\u0119 pedofil\u00f3w i policjant\u00f3w w ostrowskim parku miejskim. \u015aledczy ustalili, \u017ce pomi\u0119dzy 24 a 30 kwietnia za \n<a class=\"moretag\" href=\"https:\/\/ostrowskatv.pl\/?p=19103\"> [...]<\/a>","protected":false},"author":1,"featured_media":18202,"comment_status":"open","ping_status":"closed","sticky":false,"template":"","format":"standard","meta":{"footnotes":""},"categories":[1],"tags":[2],"class_list":["post-19103","post","type-post","status-publish","format-standard","has-post-thumbnail","hentry","category-news","tag-ostrow-wielkopolski"],"_links":{"self":[{"href":"https:\/\/ostrowskatv.pl\/index.php?rest_route=\/wp\/v2\/posts\/19103","targetHints":{"allow":["GET"]}}],"collection":[{"href":"https:\/\/ostrowskatv.pl\/index.php?rest_route=\/wp\/v2\/posts"}],"about":[{"href":"https:\/\/ostrowskatv.pl\/index.php?rest_route=\/wp\/v2\/types\/post"}],"author":[{"embeddable":true,"href":"https:\/\/ostrowskatv.pl\/index.php?rest_route=\/wp\/v2\/users\/1"}],"replies":[{"embeddable":true,"href":"https:\/\/ostrowskatv.pl\/index.php?rest_route=%2Fwp%2Fv2%2Fcomments&post=19103"}],"version-history":[{"count":0,"href":"https:\/\/ostrowskatv.pl\/index.php?rest_route=\/wp\/v2\/posts\/19103\/revisions"}],"wp:featuredmedia":[{"embeddable":true,"href":"https:\/\/ostrowskatv.pl\/index.php?rest_route=\/wp\/v2\/media\/18202"}],"wp:attachment":[{"href":"https:\/\/ostrowskatv.pl\/index.php?rest_route=%2Fwp%2Fv2%2Fmedia&parent=19103"}],"wp:term":[{"taxonomy":"category","embeddable":true,"href":"https:\/\/ostrowskatv.pl\/index.php?rest_route=%2Fwp%2Fv2%2Fcategories&post=19103"},{"taxonomy":"post_tag","embeddable":true,"href":"https:\/\/ostrowskatv.pl\/index.php?rest_route=%2Fwp%2Fv2%2Ftags&post=19103"}],"curies":[{"name":"wp","href":"https:\/\/api.w.org\/{rel}","templated":true}]}}