{"id":19100,"date":"2022-05-08T10:42:09","date_gmt":"2022-05-08T09:42:09","guid":{"rendered":"https:\/\/ostrowskatv.pl\/?p=19100"},"modified":"2022-05-08T10:42:09","modified_gmt":"2022-05-08T09:42:09","slug":"dwie-osoby-wymagaly-pomocy-po-pozarze-domu","status":"publish","type":"post","link":"https:\/\/ostrowskatv.pl\/?p=19100","title":{"rendered":"Dwie osoby wymaga\u0142y pomocy po po\u017carze domu"},"content":{"rendered":"<p><strong>Przed godzin\u0105 5 rano s\u0142u\u017cby zosta\u0142y zaalarmowane o po\u017carze domu  jednorodzinnego. Ze zg\u0142oszenia wynika\u0142o, \u017ce 3 osoby s\u0105 w \u015brodku. Ostatecznie dw\u00f3m osobom udzielono pomocy medycznej. <\/strong><\/p>\n<p>Do Kaliszkowic O\u0142obockich wys\u0142ano 7 zast\u0119p\u00f3w stra\u017cy po\u017carnej. 35 stra\u017cak\u00f3w ujrza\u0142o dom obj\u0119ty p\u0142omieniami. Na szcz\u0119\u015bcie w chwili dojazdu nikogo nie by\u0142o w \u015brodku. <\/p>\n<p>Ogniem obj\u0119te by\u0142y dwa pomieszczenia. Do stra\u017cak\u00f3w po pomoc zwr\u00f3ci\u0142 si\u0119 jeden z mieszka\u0144c\u00f3w, kt\u00f3ry mia\u0142 przypalone w\u0142osy na g\u0142owie. Tego uszczerbku dozna\u0142 podczas wynoszenia z domu wa\u017cnych przedmiot\u00f3w. <\/p>\n<p>Po chwili pomocy potrzebowa\u0142a kobieta, kt\u00f3ra zas\u0142ab\u0142a. Do szpitala to w\u0142a\u015bnie kobieta zosta\u0142a przewieziona, a m\u0119\u017cczyzna zosta\u0142 na miejscu. <\/p>\n<p>Stra\u017cacy wynie\u015bli na zewn\u0105trz dwie butle z gazem, kt\u00f3re stwarza\u0142y zagro\u017cenie wybuchem. Straty oszacowano na 100 tysi\u0119cy z\u0142otych.<\/p>\n<p><em>Zdj\u0119cie na g\u00f3rze jest ilustracyjne<\/em><\/p>\n<p><img loading=\"lazy\" decoding=\"async\" src=\"https:\/\/ostrowskatv.pl\/wp-content\/uploads\/2022\/05\/Kaliszkowice.jpg\" alt=\"\" width=\"1456\" height=\"674\" class=\"alignnone size-full wp-image-19101\" srcset=\"https:\/\/ostrowskatv.pl\/wp-content\/uploads\/2022\/05\/Kaliszkowice.jpg 1456w, https:\/\/ostrowskatv.pl\/wp-content\/uploads\/2022\/05\/Kaliszkowice-300x139.jpg 300w, https:\/\/ostrowskatv.pl\/wp-content\/uploads\/2022\/05\/Kaliszkowice-640x296.jpg 640w\" sizes=\"auto, (max-width: 1456px) 100vw, 1456px\" \/><\/p>\n","protected":false},"excerpt":{"rendered":"Przed godzin\u0105 5 rano s\u0142u\u017cby zosta\u0142y zaalarmowane o po\u017carze domu jednorodzinnego. Ze zg\u0142oszenia wynika\u0142o, \u017ce 3 osoby s\u0105 w \u015brodku. Ostatecznie dw\u00f3m osobom \n<a class=\"moretag\" href=\"https:\/\/ostrowskatv.pl\/?p=19100\"> [...]<\/a>","protected":false},"author":1,"featured_media":16102,"comment_status":"open","ping_status":"closed","sticky":false,"template":"","format":"standard","meta":{"footnotes":""},"categories":[1],"tags":[7],"class_list":["post-19100","post","type-post","status-publish","format-standard","has-post-thumbnail","hentry","category-news","tag-pozar"],"_links":{"self":[{"href":"https:\/\/ostrowskatv.pl\/index.php?rest_route=\/wp\/v2\/posts\/19100","targetHints":{"allow":["GET"]}}],"collection":[{"href":"https:\/\/ostrowskatv.pl\/index.php?rest_route=\/wp\/v2\/posts"}],"about":[{"href":"https:\/\/ostrowskatv.pl\/index.php?rest_route=\/wp\/v2\/types\/post"}],"author":[{"embeddable":true,"href":"https:\/\/ostrowskatv.pl\/index.php?rest_route=\/wp\/v2\/users\/1"}],"replies":[{"embeddable":true,"href":"https:\/\/ostrowskatv.pl\/index.php?rest_route=%2Fwp%2Fv2%2Fcomments&post=19100"}],"version-history":[{"count":0,"href":"https:\/\/ostrowskatv.pl\/index.php?rest_route=\/wp\/v2\/posts\/19100\/revisions"}],"wp:featuredmedia":[{"embeddable":true,"href":"https:\/\/ostrowskatv.pl\/index.php?rest_route=\/wp\/v2\/media\/16102"}],"wp:attachment":[{"href":"https:\/\/ostrowskatv.pl\/index.php?rest_route=%2Fwp%2Fv2%2Fmedia&parent=19100"}],"wp:term":[{"taxonomy":"category","embeddable":true,"href":"https:\/\/ostrowskatv.pl\/index.php?rest_route=%2Fwp%2Fv2%2Fcategories&post=19100"},{"taxonomy":"post_tag","embeddable":true,"href":"https:\/\/ostrowskatv.pl\/index.php?rest_route=%2Fwp%2Fv2%2Ftags&post=19100"}],"curies":[{"name":"wp","href":"https:\/\/api.w.org\/{rel}","templated":true}]}}