{"id":1909,"date":"2016-07-29T14:20:13","date_gmt":"2016-07-29T13:20:13","guid":{"rendered":"http:\/\/ostrowska.tv\/?p=1909"},"modified":"2016-07-29T14:20:13","modified_gmt":"2016-07-29T13:20:13","slug":"odszedl-ze-sluzby-strazak-z-wielkim-sercem","status":"publish","type":"post","link":"https:\/\/ostrowskatv.pl\/?p=1909","title":{"rendered":"Odszed\u0142 ze s\u0142u\u017cby stra\u017cak z wielkim sercem"},"content":{"rendered":"<p><strong>St. bryg. S\u0142awomir Portasiak odszed\u0142 w dniu dzisiejszym ze s\u0142u\u017cby w stra\u017cy po\u017carnej. Przez ostatnie lata pe\u0142ni\u0142 funkcj\u0119 zast\u0119pcy komendanta w Pa\u0144stwowej Stra\u017cy Po\u017carnej w Ostrowie Wlkp. W sumie przepracowa\u0142 32 lata w po\u017carnictwie. Od zaproszonych go\u015bci, a tak\u017ce stra\u017cak\u00f3w otrzyma\u0142 takie podarunki jak 55 calowy telewizor, zestaw mebli ogrodowych, torb\u0119 podr\u00f3\u017cn\u0105, a tak\u017ce symboliczny he\u0142m.<\/strong><\/p>\n<p>Zgodnie ze zwyczajem, ostrowscy stra\u017cacy przygotowali indywidualny wierszyk przedstawiaj\u0105cy sylwetk\u0119 odchodz\u0105cej osoby. Zawiera\u0142a ona r\u00f3wnie\u017c fragmenty humorystyczne:<\/p>\n<blockquote><p>W naszej stra\u017cy, ci\u0105g\u0142e zmiany, komendanta dzi\u015b \u017cegnamy,<\/p>\n<p>a \u017ce cz\u0142owiek co si\u0119 zowie, par\u0119 s\u0142\u00f3w o nim opowiem.<\/p>\n<p>Bo jak dobrze sami wiecie, ju\u017c niewielu na tym \u015bwiecie<\/p>\n<p>ludzi takich pozosta\u0142o. Odda\u0142 stra\u017cy dusz\u0119, cia\u0142o.<\/p>\n<p>Cz\u0142owiek skromny i niez\u0142omny, wywa\u017cony i spokojny<\/p>\n<p>Wielka krzepa, krase lica, dobrze zna\u0142a go stolica.<\/p>\n<p>Bo komendant t\u0119ga g\u0142owa, OHP w Wawie budowa\u0142,<\/p>\n<p>st\u0105d zosta\u0142o do\u015bwiadczenie, oddane na tym terenie.<\/p>\n<p>Gdy stra\u017cnic\u0119 budowano, na piedesta\u0142 go stawiano.<\/p>\n<p>Jak fachowiec budowlany, wyprostowa\u0142 wszystkie \u015bciany.<\/p>\n<p>Znany wszem ekonomista, bud\u017cetowe licz\u0105c plany<\/p>\n<p>Tylko czasem do za\u0142ogi m\u00f3wi\u0142 &#8222;sk\u0105d na to wzi\u0105\u0107, ku\u017awa, pany.&#8221;<\/p>\n<p>Zawsze ponad podzia\u0142ami, zjedna\u0142 Polak\u00f3w z Niemcami,<\/p>\n<p>W Welver wszystkim dobrze znany, a przez Niemc\u00f3w szanowany.<\/p>\n<p>Gdy rozmowy d\u0142u\u017cej trwa\u0142y, wszyscy czuli si\u0119 po swojsku.<\/p>\n<p>Do nas m\u00f3wi\u0142 po niemiecku, a do Niemc\u00f3w za\u015b po polsku.<\/p>\n<p>Znawca sprz\u0119tu oraz taktyk, uczy\u0142 nas najlepszych praktyk,<\/p>\n<p>jak pod\u0142\u0105czy\u0107 do &#8222;chemika&#8221;, rur\u0119 z rop\u0105 ze zbiornika.<\/p>\n<p>Przez starego marynarza pozna\u0142 te\u017c technik\u0119 wodn\u0105.<\/p>\n<p>M\u00f3wi\u0105 nawet, \u017ce w Mrze\u017cynie zbudowali \u0142\u00f3d\u017a podwodn\u0105.<\/p>\n<p>Punktualny ponad miar\u0119, ze \u015bwiata zna\u0142 wszystkie wie\u015bci,<\/p>\n<p>No bo w pracy by\u0142 na si\u00f3dm\u0105, zamiast na si\u00f3dm\u0105 trzydzie\u015bci.<\/p>\n<p>W Raciborskiej walczy\u0142 Ku\u017ani, pomn\u0105 to jego synowie,<\/p>\n<p>zmagaj\u0105c si\u0119 tu z po\u017carem, szefem sztabu by\u0142 w Jankowie.<\/p>\n<p>Takich ludzi wci\u0105\u017c brakuje, i cho\u0107 stra\u017c pe\u0142na po brzegi,<\/p>\n<p>\u017cal \u017ce po tak wielu latach, opuszczasz nasze szeregi.<\/p>\n<p>Dzi\u0119kujemy Ci za wszystko: dobre rady, do\u015bwiadczenie.<\/p>\n<p>By\u0142e\u015b szanowanym szefem, na naszej stra\u017cackiej scenie.<\/p>\n<p>Pami\u0119taj nas komendancie, my Ci\u0119 te\u017c nie zapomnimy.<\/p>\n<p>Odwiedzaj nas z kaw\u0105, plackiem. Sam wiesz dobrze co lubimy.<\/p>\n<p>Twoja za\u0142oga.<\/p><\/blockquote>\n<p>W sobie znanym epickim stylu po\u017cegna\u0142 go starosta Pawe\u0142 Rajski: &#8211; Przez ponad 32 lata by\u0142 got\u00f3w s\u0142u\u017cy\u0107 drugiemu cz\u0142owiekowi. A dzi\u015b co\u015b si\u0119 ko\u0144czy. My\u015bl\u0119, S\u0142awek, \u017ce ko\u0144czy si\u0119 w dobrym stylu. Ty m\u00f3wi\u0142e\u015b, \u017ce dzi\u015b wakacyjny okres, a prosz\u0119 zwr\u00f3ci\u0107 uwag\u0119 jak wielu samorz\u0105dowc\u00f3w, jak wielu go\u015bci przyby\u0142o go\u015bci, by powiedzie\u0107 dzi\u0119kuj\u0119, by u\u015bcisn\u0105\u0107 t\u0119 d\u0142o\u0144. Bogu dzi\u0119ki, \u017ce by\u0142a to s\u0142u\u017cba szcz\u0119\u015bliwa, \u017ce zawsze szcz\u0119\u015bliwie wraca\u0142e\u015b do swoich bliskich i powiem, \u017ce bardzo si\u0119 wzruszy\u0142em kiedy dzi\u0119kowa\u0142e\u015b \u017conie za te powroty do domu, te s\u0142u\u017cbowe i te nies\u0142u\u017cbowe. Dzi\u0119kowa\u0142e\u015b jej za wyrozumia\u0142o\u015b\u0107. (&#8230;)Przed Tob\u0105 trudny okres. Od\u0142o\u017cenie munduru w godzinach gdy szed\u0142e\u015b do s\u0142u\u017cby. To b\u0119dzie trudny okres. Ale my\u015bl\u0119, \u017ce wielko\u015b\u0107 cz\u0142owieka polega na tym, \u017ce potrafi ten czas, gdy ma go wi\u0119cej, potrafi zagospodarowa\u0107 dla bliskich i dobra spo\u0142eczno\u015bci lokalnej. Ja wierz\u0119, \u017ce zostaniesz w tej rodzinie stra\u017cackiej i b\u0119dziesz s\u0142u\u017cy\u0107 do\u015bwiadczeniem. (&#8230;) \u017bycz\u0119 Ci, \u017ceby\u015b by\u0142 u\u015bmiechni\u0119ty i spogl\u0105daj\u0105c za siebie powiedzia\u0142: spe\u0142ni\u0142em dobrze sw\u00f3j obowi\u0105zek i niech inni, niech syn, bierze przyk\u0142ad. My\u015bl\u0119, \u017ce masz m\u0142ody cz\u0142owieku, pow\u00f3d do brania przyk\u0142adu ze swojego ojca.<\/p>\n<p>S\u0142awomir Portasiak powiedzia\u0142 tu\u017c po uroczysto\u015bci, \u017ce w pierwszej kolejno\u015bci spe\u0142ni oczekiwania kochanej ma\u0142\u017conki i zajmie si\u0119 przydomowymi pracami. Niewykluczone, \u017ce b\u0119dzie te\u017c aktywnie wspiera\u0107 dzia\u0142alno\u015b\u0107 Ochotniczej Stra\u017cy Po\u017carnej w Ostrowie Wlkp.<\/p>\n<div id='gallery-1' class='gallery galleryid-1909 gallery-columns-3 gallery-size-thumbnail'><figure class='gallery-item'>\n\t\t\t<div class='gallery-icon landscape'>\n\t\t\t\t<a href='https:\/\/ostrowskatv.pl\/?attachment_id=1910'><img loading=\"lazy\" decoding=\"async\" width=\"150\" height=\"150\" src=\"https:\/\/ostrowskatv.pl\/wp-content\/uploads\/2016\/07\/20160729_130047-150x150.jpg\" class=\"attachment-thumbnail size-thumbnail\" alt=\"\" \/><\/a>\n\t\t\t<\/div><\/figure><figure class='gallery-item'>\n\t\t\t<div class='gallery-icon landscape'>\n\t\t\t\t<a href='https:\/\/ostrowskatv.pl\/?attachment_id=1911'><img loading=\"lazy\" decoding=\"async\" width=\"150\" height=\"150\" src=\"https:\/\/ostrowskatv.pl\/wp-content\/uploads\/2016\/07\/20160729_131652-150x150.jpg\" class=\"attachment-thumbnail size-thumbnail\" alt=\"\" \/><\/a>\n\t\t\t<\/div><\/figure><figure class='gallery-item'>\n\t\t\t<div class='gallery-icon landscape'>\n\t\t\t\t<a href='https:\/\/ostrowskatv.pl\/?attachment_id=1912'><img loading=\"lazy\" decoding=\"async\" width=\"150\" height=\"150\" src=\"https:\/\/ostrowskatv.pl\/wp-content\/uploads\/2016\/07\/20160729_131821-150x150.jpg\" class=\"attachment-thumbnail size-thumbnail\" alt=\"\" \/><\/a>\n\t\t\t<\/div><\/figure><figure class='gallery-item'>\n\t\t\t<div class='gallery-icon landscape'>\n\t\t\t\t<a href='https:\/\/ostrowskatv.pl\/?attachment_id=1913'><img loading=\"lazy\" decoding=\"async\" width=\"150\" height=\"150\" src=\"https:\/\/ostrowskatv.pl\/wp-content\/uploads\/2016\/07\/20160729_132324-150x150.jpg\" class=\"attachment-thumbnail size-thumbnail\" alt=\"\" \/><\/a>\n\t\t\t<\/div><\/figure><figure class='gallery-item'>\n\t\t\t<div class='gallery-icon landscape'>\n\t\t\t\t<a href='https:\/\/ostrowskatv.pl\/?attachment_id=1914'><img loading=\"lazy\" decoding=\"async\" width=\"150\" height=\"150\" src=\"https:\/\/ostrowskatv.pl\/wp-content\/uploads\/2016\/07\/20160729_133021-150x150.jpg\" class=\"attachment-thumbnail size-thumbnail\" alt=\"\" \/><\/a>\n\t\t\t<\/div><\/figure><figure class='gallery-item'>\n\t\t\t<div class='gallery-icon landscape'>\n\t\t\t\t<a href='https:\/\/ostrowskatv.pl\/?attachment_id=1915'><img loading=\"lazy\" decoding=\"async\" width=\"150\" height=\"150\" src=\"https:\/\/ostrowskatv.pl\/wp-content\/uploads\/2016\/07\/20160729_133719-150x150.jpg\" class=\"attachment-thumbnail size-thumbnail\" alt=\"\" \/><\/a>\n\t\t\t<\/div><\/figure><figure class='gallery-item'>\n\t\t\t<div class='gallery-icon landscape'>\n\t\t\t\t<a href='https:\/\/ostrowskatv.pl\/?attachment_id=1916'><img loading=\"lazy\" decoding=\"async\" width=\"150\" height=\"150\" src=\"https:\/\/ostrowskatv.pl\/wp-content\/uploads\/2016\/07\/slawomir-portasiak-150x150.jpg\" class=\"attachment-thumbnail size-thumbnail\" alt=\"\" \/><\/a>\n\t\t\t<\/div><\/figure>\n\t\t<\/div>\n\n","protected":false},"excerpt":{"rendered":"St. bryg. S\u0142awomir Portasiak odszed\u0142 w dniu dzisiejszym ze s\u0142u\u017cby w stra\u017cy po\u017carnej. Przez ostatnie lata pe\u0142ni\u0142 funkcj\u0119 zast\u0119pcy komendanta w Pa\u0144stwowej Stra\u017cy \n<a class=\"moretag\" href=\"https:\/\/ostrowskatv.pl\/?p=1909\"> [...]<\/a>","protected":false},"author":1,"featured_media":1916,"comment_status":"open","ping_status":"open","sticky":false,"template":"","format":"standard","meta":{"footnotes":""},"categories":[1],"tags":[2],"class_list":["post-1909","post","type-post","status-publish","format-standard","has-post-thumbnail","hentry","category-news","tag-ostrow-wielkopolski"],"_links":{"self":[{"href":"https:\/\/ostrowskatv.pl\/index.php?rest_route=\/wp\/v2\/posts\/1909","targetHints":{"allow":["GET"]}}],"collection":[{"href":"https:\/\/ostrowskatv.pl\/index.php?rest_route=\/wp\/v2\/posts"}],"about":[{"href":"https:\/\/ostrowskatv.pl\/index.php?rest_route=\/wp\/v2\/types\/post"}],"author":[{"embeddable":true,"href":"https:\/\/ostrowskatv.pl\/index.php?rest_route=\/wp\/v2\/users\/1"}],"replies":[{"embeddable":true,"href":"https:\/\/ostrowskatv.pl\/index.php?rest_route=%2Fwp%2Fv2%2Fcomments&post=1909"}],"version-history":[{"count":0,"href":"https:\/\/ostrowskatv.pl\/index.php?rest_route=\/wp\/v2\/posts\/1909\/revisions"}],"wp:featuredmedia":[{"embeddable":true,"href":"https:\/\/ostrowskatv.pl\/index.php?rest_route=\/wp\/v2\/media\/1916"}],"wp:attachment":[{"href":"https:\/\/ostrowskatv.pl\/index.php?rest_route=%2Fwp%2Fv2%2Fmedia&parent=1909"}],"wp:term":[{"taxonomy":"category","embeddable":true,"href":"https:\/\/ostrowskatv.pl\/index.php?rest_route=%2Fwp%2Fv2%2Fcategories&post=1909"},{"taxonomy":"post_tag","embeddable":true,"href":"https:\/\/ostrowskatv.pl\/index.php?rest_route=%2Fwp%2Fv2%2Ftags&post=1909"}],"curies":[{"name":"wp","href":"https:\/\/api.w.org\/{rel}","templated":true}]}}