{"id":1906,"date":"2016-07-27T16:04:03","date_gmt":"2016-07-27T15:04:03","guid":{"rendered":"http:\/\/ostrowska.tv\/?p=1906"},"modified":"2016-07-27T16:04:03","modified_gmt":"2016-07-27T15:04:03","slug":"ukradl-saszetke-w-parku-linowym-wyrzucil-czesc-do-rzeki","status":"publish","type":"post","link":"https:\/\/ostrowskatv.pl\/?p=1906","title":{"rendered":"Ukrad\u0142 saszetk\u0119 w parku linowym, wyrzuci\u0142 cz\u0119\u015b\u0107 do rzeki"},"content":{"rendered":"<p align=\"justify\"><strong>W Odolanowie na terenie parku linowego dosz\u0142o do kradzie\u017cy saszetki z dokumentami i telefonem, kt\u00f3r\u0105 chwil\u0119 wcze\u015bniej pozostawi\u0142 bez nadzoru jeden z klient\u00f3w. Z\u0142odziej uciekaj\u0105c z miejsca zdarzenia, wyrzuci\u0142 do rzeki saszetk\u0119 z dokumentami, wcze\u015bniej wyci\u0105gaj\u0105c z niej telefon o warto\u015bci 500 z\u0142. Policjanci ustalili sprawdz\u0119 kradzie\u017cy. Okaza\u0142 si\u0119 nim 28-letni m\u0119\u017cczyzna, mieszkaniec Odolanowa. Zosta\u0142 on zatrzymany dzisiaj rano. W rozmowie z policjantami przyzna\u0142 si\u0119 do winy. Odzyskany telefon powr\u00f3ci do r\u0105k w\u0142a\u015bciciela.<\/strong><\/p>\n<p align=\"justify\">Za pope\u0142nione przest\u0119pstwo 28-latek us\u0142ysza\u0142 zarzut kradzie\u017cy. Grozi\u0107 mu mo\u017ce nawet do 5 lat pozbawienia wolno\u015bci. Do pomocy wezwano stra\u017cak\u00f3w z OSP Odolan\u00f3w, kt\u00f3ra pomog\u0142a w wyci\u0105gni\u0119ciu saszetki z pobliskiej rzeki.<\/p>\n","protected":false},"excerpt":{"rendered":"W Odolanowie na terenie parku linowego dosz\u0142o do kradzie\u017cy saszetki z dokumentami i telefonem, kt\u00f3r\u0105 chwil\u0119 wcze\u015bniej pozostawi\u0142 bez nadzoru jeden z klient\u00f3w. \n<a class=\"moretag\" href=\"https:\/\/ostrowskatv.pl\/?p=1906\"> [...]<\/a>","protected":false},"author":1,"featured_media":1907,"comment_status":"open","ping_status":"open","sticky":false,"template":"","format":"standard","meta":{"footnotes":""},"categories":[1],"tags":[38],"class_list":["post-1906","post","type-post","status-publish","format-standard","has-post-thumbnail","hentry","category-news","tag-odolanow"],"_links":{"self":[{"href":"https:\/\/ostrowskatv.pl\/index.php?rest_route=\/wp\/v2\/posts\/1906","targetHints":{"allow":["GET"]}}],"collection":[{"href":"https:\/\/ostrowskatv.pl\/index.php?rest_route=\/wp\/v2\/posts"}],"about":[{"href":"https:\/\/ostrowskatv.pl\/index.php?rest_route=\/wp\/v2\/types\/post"}],"author":[{"embeddable":true,"href":"https:\/\/ostrowskatv.pl\/index.php?rest_route=\/wp\/v2\/users\/1"}],"replies":[{"embeddable":true,"href":"https:\/\/ostrowskatv.pl\/index.php?rest_route=%2Fwp%2Fv2%2Fcomments&post=1906"}],"version-history":[{"count":0,"href":"https:\/\/ostrowskatv.pl\/index.php?rest_route=\/wp\/v2\/posts\/1906\/revisions"}],"wp:featuredmedia":[{"embeddable":true,"href":"https:\/\/ostrowskatv.pl\/index.php?rest_route=\/wp\/v2\/media\/1907"}],"wp:attachment":[{"href":"https:\/\/ostrowskatv.pl\/index.php?rest_route=%2Fwp%2Fv2%2Fmedia&parent=1906"}],"wp:term":[{"taxonomy":"category","embeddable":true,"href":"https:\/\/ostrowskatv.pl\/index.php?rest_route=%2Fwp%2Fv2%2Fcategories&post=1906"},{"taxonomy":"post_tag","embeddable":true,"href":"https:\/\/ostrowskatv.pl\/index.php?rest_route=%2Fwp%2Fv2%2Ftags&post=1906"}],"curies":[{"name":"wp","href":"https:\/\/api.w.org\/{rel}","templated":true}]}}