{"id":190,"date":"2016-01-15T20:48:46","date_gmt":"2016-01-15T19:48:46","guid":{"rendered":"http:\/\/ostrowska.tv\/?p=190"},"modified":"2016-01-15T20:48:46","modified_gmt":"2016-01-15T19:48:46","slug":"przedszkole-w-polu-miasto-odpowiada","status":"publish","type":"post","link":"https:\/\/ostrowskatv.pl\/?p=190","title":{"rendered":"Przedszkole w polu? Miasto odpowiada"},"content":{"rendered":"<p><strong>Przedszkole numer 11 zostanie przeniesione z ulicy Wolno\u015bci na parter budynku OTBS w rejonie Bractwa Kurkowego. Takie rozwi\u0105zanie krytykuj\u0105 radni Platformy Obywatelskiej. Co na to miasto?<\/strong><\/p>\n<p>Przedszkole ma zosta\u0107 przeniesione, bo budynek przy ulicy Wolno\u015bci nie spe\u0142nia wszystkich wymog\u00f3w. Nowa lokalizacja nie przypad\u0142a do gustu radnym. &#8211; Miasto chce je wybudowa\u0107 w polu \u2013 przekonuje Andrzej Kornaszewski.<\/p>\n<p>Przedszkole ma powsta\u0107 na parterze budynku OTBS. Miasto zamierza dzier\u017cawi\u0107 cz\u0119\u015b\u0107 obiektu. &#8211; W\u015br\u00f3d podopiecznych plac\u00f3wki znajduj\u0105 si\u0119 dzieci niepe\u0142nosprawne. Budynek przy ulicy Wolno\u015bci posiada liczne bariery architektoniczne. Nie spe\u0142nia tak\u017ce wszystkich wymaga\u0144 ochrony przeciwpo\u017carowej. Obecna plac\u00f3wka posiada niewielkie sale dydaktyczne, a ucz\u0119szcza do niej oko\u0142o 170 dzieci. W poprzedniej kadencji nie zmierzono si\u0119 z tym problemem. Obecne w\u0142adze zdecydowa\u0142y, \u017ce jest to kwestia wymagaj\u0105ca reakcji. W zwi\u0105zku z tym analizowano sytuacj\u0119 pod k\u0105tem ewentualnych inwestycji w bry\u0142\u0119 budynku przy ulicy Wolno\u015bci lub wyboru innej lokalizacji. Zdecydowano si\u0119 na drugie rozwi\u0105zanie. Przemawia za nim powstanie plac\u00f3wki w pe\u0142ni przystosowanej do potrzeb dzieci niepe\u0142nosprawnych, kt\u00f3ra pozwoli zwi\u0119kszy\u0107 ilo\u015b\u0107 przedszkolak\u00f3w o kolejn\u0105 grup\u0119. Nowe przedszkole, usytuowane na parterze budynku, posiada\u0107 b\u0119dzie przestronne sale dydaktyczne, szerokie wej\u015bcia, a przy budynku powstanie plac zabaw dostosowany do os\u00f3b niepe\u0142nosprawnych. Budynek posiada\u0107 b\u0119dzie wind\u0119, co znacz\u0105co u\u0142atwi poruszanie si\u0119 po nim. Rozwi\u0105zanie takie, przy obecnych problemach plac\u00f3wki, wydaje si\u0119 optymalne \u2013 m\u00f3wi Artur Ko\u0142aci\u0144ski z Biura Prasowego UM w Ostrowie Wielkopolskim.<\/p>\n<p>Radni uwa\u017c\u0105j\u0105, \u017ce nowa lokalizacja dla przedszkola jest chybiona i sugeruj\u0105, \u017ce nale\u017ca\u0142o wybra\u0107 lepsze rozwi\u0105zanie. W ich ocenie, plac\u00f3wka powinna funkcjonowa\u0107 w centrum. Sami twierdz\u0105, \u017ce proponowali teren w okolicy Ogr\u00f3dk\u00f3w Jordanowskich. W mie\u015bcie jednak nic o tym nie wiedz\u0105. &#8211; Do miasta nie wp\u0142yn\u0119\u0142a \u017cadna propozycja dotycz\u0105ca budowy przedszkola w rejonie Ogr\u00f3dk\u00f3w Jordanowskich. Propozycja taka nie pad\u0142a r\u00f3wnie\u017c podczas komisji Rady Miejskiej, na kt\u00f3rych temat rzeczonego przedszkola by\u0142 omawiany \u2013 przekonuje Artur Ko\u0142aci\u0144ski z Urz\u0119du Miasta.<\/p>\n<p>Czy miasto wybra\u0142o w\u0142a\u015bciw\u0105 lokalizacj\u0119? <strong>Zach<\/strong><strong>\u0119camy do dyskusji w komentarzach<\/strong>.<\/p>\n","protected":false},"excerpt":{"rendered":"Przedszkole numer 11 zostanie przeniesione z ulicy Wolno\u015bci na parter budynku OTBS w rejonie Bractwa Kurkowego. Takie rozwi\u0105zanie krytykuj\u0105 radni Platformy Obywatelskiej. Co \n<a class=\"moretag\" href=\"https:\/\/ostrowskatv.pl\/?p=190\"> [...]<\/a>","protected":false},"author":1,"featured_media":191,"comment_status":"open","ping_status":"open","sticky":false,"template":"","format":"standard","meta":{"footnotes":""},"categories":[1],"tags":[28],"class_list":["post-190","post","type-post","status-publish","format-standard","has-post-thumbnail","hentry","category-news","tag-przedszkole"],"_links":{"self":[{"href":"https:\/\/ostrowskatv.pl\/index.php?rest_route=\/wp\/v2\/posts\/190","targetHints":{"allow":["GET"]}}],"collection":[{"href":"https:\/\/ostrowskatv.pl\/index.php?rest_route=\/wp\/v2\/posts"}],"about":[{"href":"https:\/\/ostrowskatv.pl\/index.php?rest_route=\/wp\/v2\/types\/post"}],"author":[{"embeddable":true,"href":"https:\/\/ostrowskatv.pl\/index.php?rest_route=\/wp\/v2\/users\/1"}],"replies":[{"embeddable":true,"href":"https:\/\/ostrowskatv.pl\/index.php?rest_route=%2Fwp%2Fv2%2Fcomments&post=190"}],"version-history":[{"count":0,"href":"https:\/\/ostrowskatv.pl\/index.php?rest_route=\/wp\/v2\/posts\/190\/revisions"}],"wp:featuredmedia":[{"embeddable":true,"href":"https:\/\/ostrowskatv.pl\/index.php?rest_route=\/wp\/v2\/media\/191"}],"wp:attachment":[{"href":"https:\/\/ostrowskatv.pl\/index.php?rest_route=%2Fwp%2Fv2%2Fmedia&parent=190"}],"wp:term":[{"taxonomy":"category","embeddable":true,"href":"https:\/\/ostrowskatv.pl\/index.php?rest_route=%2Fwp%2Fv2%2Fcategories&post=190"},{"taxonomy":"post_tag","embeddable":true,"href":"https:\/\/ostrowskatv.pl\/index.php?rest_route=%2Fwp%2Fv2%2Ftags&post=190"}],"curies":[{"name":"wp","href":"https:\/\/api.w.org\/{rel}","templated":true}]}}