{"id":18906,"date":"2022-05-04T22:07:35","date_gmt":"2022-05-04T21:07:35","guid":{"rendered":"https:\/\/ostrowskatv.pl\/?p=18906"},"modified":"2022-05-04T22:07:35","modified_gmt":"2022-05-04T21:07:35","slug":"opel-na-boku-kto-wjechal-na-czerwonym","status":"publish","type":"post","link":"https:\/\/ostrowskatv.pl\/?p=18906","title":{"rendered":"Opel na boku. Kto wjecha\u0142 na czerwonym?"},"content":{"rendered":"<p><strong>Skrzy\u017cowanie alei S\u0142owackiego i Kr\u00f3lowej Jadwigi nale\u017cy do tych, gdzie trzeba zachowa\u0107 szczeg\u00f3ln\u0105 ostro\u017cno\u015b\u0107. Zdarza si\u0119, \u017ce kierowcy jad\u0105cy od ulicy Reymonta jad\u0105 na wprost przy zapalonej warunkowej strza\u0142ce w prawo. <\/strong><\/p>\n<p>Taki te\u017c scenariusz mia\u0142 miejsce w \u015brodowy wiecz\u00f3r. Kierowca bia\u0142ego opla jecha\u0142 ulic\u0105 Kr. Jadwigi, a w stron\u0119 Kalisza alej\u0105 S\u0142owackiego pod\u0105\u017ca\u0142 czerwony volkswagen Golf.<\/p>\n<p>Opel po otrzymaniu uderzenia przewr\u00f3ci\u0142 si\u0119 na bok. \u015awiadkowie pomogli kierowcy wyj\u015b\u0107 z pojazdu. <\/p>\n<p>Pocz\u0105tkowo kierowcy spierali si\u0119 co do winy, ale z pomoc\u0105 przyszed\u0142 \u015bwiadek z nagraniem z wideorejestratora, kt\u00f3ry rozwia\u0142 w\u0105tpliwo\u015bci.<\/p>\n<p>Na miejscu interweniowali te\u017c stra\u017cacy.<\/p>\n<p><img loading=\"lazy\" decoding=\"async\" src=\"https:\/\/ostrowskatv.pl\/wp-content\/uploads\/2022\/05\/20220504_211829-01.jpeg\" alt=\"\" width=\"1366\" height=\"741\" class=\"alignnone size-full wp-image-18907\" srcset=\"https:\/\/ostrowskatv.pl\/wp-content\/uploads\/2022\/05\/20220504_211829-01.jpeg 1366w, https:\/\/ostrowskatv.pl\/wp-content\/uploads\/2022\/05\/20220504_211829-01-300x163.jpeg 300w, https:\/\/ostrowskatv.pl\/wp-content\/uploads\/2022\/05\/20220504_211829-01-640x347.jpeg 640w\" sizes=\"auto, (max-width: 1366px) 100vw, 1366px\" \/><\/p>\n<p><img loading=\"lazy\" decoding=\"async\" src=\"https:\/\/ostrowskatv.pl\/wp-content\/uploads\/2022\/05\/20220504_211815-01.jpeg\" alt=\"\" width=\"1366\" height=\"894\" class=\"alignnone size-full wp-image-18908\" srcset=\"https:\/\/ostrowskatv.pl\/wp-content\/uploads\/2022\/05\/20220504_211815-01.jpeg 1366w, https:\/\/ostrowskatv.pl\/wp-content\/uploads\/2022\/05\/20220504_211815-01-300x196.jpeg 300w, https:\/\/ostrowskatv.pl\/wp-content\/uploads\/2022\/05\/20220504_211815-01-550x360.jpeg 550w\" sizes=\"auto, (max-width: 1366px) 100vw, 1366px\" \/><\/p>\n<p><img loading=\"lazy\" decoding=\"async\" src=\"https:\/\/ostrowskatv.pl\/wp-content\/uploads\/2022\/05\/20220504_211806-01.jpeg\" alt=\"\" width=\"1366\" height=\"920\" class=\"alignnone size-full wp-image-18909\" srcset=\"https:\/\/ostrowskatv.pl\/wp-content\/uploads\/2022\/05\/20220504_211806-01.jpeg 1366w, https:\/\/ostrowskatv.pl\/wp-content\/uploads\/2022\/05\/20220504_211806-01-300x202.jpeg 300w, https:\/\/ostrowskatv.pl\/wp-content\/uploads\/2022\/05\/20220504_211806-01-535x360.jpeg 535w\" sizes=\"auto, (max-width: 1366px) 100vw, 1366px\" \/><\/p>\n<p><img loading=\"lazy\" decoding=\"async\" src=\"https:\/\/ostrowskatv.pl\/wp-content\/uploads\/2022\/05\/20220504_211744-02.jpeg\" alt=\"\" width=\"1366\" height=\"769\" class=\"alignnone size-full wp-image-18910\" srcset=\"https:\/\/ostrowskatv.pl\/wp-content\/uploads\/2022\/05\/20220504_211744-02.jpeg 1366w, https:\/\/ostrowskatv.pl\/wp-content\/uploads\/2022\/05\/20220504_211744-02-300x169.jpeg 300w, https:\/\/ostrowskatv.pl\/wp-content\/uploads\/2022\/05\/20220504_211744-02-640x360.jpeg 640w\" sizes=\"auto, (max-width: 1366px) 100vw, 1366px\" \/><\/p>\n","protected":false},"excerpt":{"rendered":"Skrzy\u017cowanie alei S\u0142owackiego i Kr\u00f3lowej Jadwigi nale\u017cy do tych, gdzie trzeba zachowa\u0107 szczeg\u00f3ln\u0105 ostro\u017cno\u015b\u0107. Zdarza si\u0119, \u017ce kierowcy jad\u0105cy od ulicy Reymonta jad\u0105 \n<a class=\"moretag\" href=\"https:\/\/ostrowskatv.pl\/?p=18906\"> [...]<\/a>","protected":false},"author":1,"featured_media":18908,"comment_status":"open","ping_status":"closed","sticky":false,"template":"","format":"standard","meta":{"footnotes":""},"categories":[1],"tags":[11],"class_list":["post-18906","post","type-post","status-publish","format-standard","has-post-thumbnail","hentry","category-news","tag-wypadek"],"_links":{"self":[{"href":"https:\/\/ostrowskatv.pl\/index.php?rest_route=\/wp\/v2\/posts\/18906","targetHints":{"allow":["GET"]}}],"collection":[{"href":"https:\/\/ostrowskatv.pl\/index.php?rest_route=\/wp\/v2\/posts"}],"about":[{"href":"https:\/\/ostrowskatv.pl\/index.php?rest_route=\/wp\/v2\/types\/post"}],"author":[{"embeddable":true,"href":"https:\/\/ostrowskatv.pl\/index.php?rest_route=\/wp\/v2\/users\/1"}],"replies":[{"embeddable":true,"href":"https:\/\/ostrowskatv.pl\/index.php?rest_route=%2Fwp%2Fv2%2Fcomments&post=18906"}],"version-history":[{"count":0,"href":"https:\/\/ostrowskatv.pl\/index.php?rest_route=\/wp\/v2\/posts\/18906\/revisions"}],"wp:featuredmedia":[{"embeddable":true,"href":"https:\/\/ostrowskatv.pl\/index.php?rest_route=\/wp\/v2\/media\/18908"}],"wp:attachment":[{"href":"https:\/\/ostrowskatv.pl\/index.php?rest_route=%2Fwp%2Fv2%2Fmedia&parent=18906"}],"wp:term":[{"taxonomy":"category","embeddable":true,"href":"https:\/\/ostrowskatv.pl\/index.php?rest_route=%2Fwp%2Fv2%2Fcategories&post=18906"},{"taxonomy":"post_tag","embeddable":true,"href":"https:\/\/ostrowskatv.pl\/index.php?rest_route=%2Fwp%2Fv2%2Ftags&post=18906"}],"curies":[{"name":"wp","href":"https:\/\/api.w.org\/{rel}","templated":true}]}}