{"id":1889,"date":"2016-07-24T10:06:22","date_gmt":"2016-07-24T09:06:22","guid":{"rendered":"http:\/\/ostrowska.tv\/?p=1889"},"modified":"2016-07-24T10:06:22","modified_gmt":"2016-07-24T09:06:22","slug":"przewrocili-auto-na-dach-na-strzeleckiej","status":"publish","type":"post","link":"https:\/\/ostrowskatv.pl\/?p=1889","title":{"rendered":"Przewr\u00f3cili auto na dach na Strzeleckiej"},"content":{"rendered":"<p><strong>W nocy z soboty na niedziel\u0119 prawdopodobnie czterech sprawc\u00f3w przewr\u00f3ci\u0142o na dach. Wed\u0142ug \u015bwiadka m\u0119\u017cczy\u017ani oko\u0142o godz. 1-2 w nocy mieli podej\u015b\u0107 do zaparkowanego pod blokiem Seata Cordoby i poprzez rozbujanie go, obr\u00f3ci\u0107 o 180 stopni. Wandalom mog\u0142o nie podoba\u0107 si\u0119, \u017ce auto zosta\u0142o zaparkowane w celu reklamowania &#8222;Skupu aut&#8221;. Tego typu &#8222;mobilnych&#8221; reklam w naszym mie\u015bcie jest. Przedsi\u0119biorcy omijaj\u0105c prawo, parkuj\u0105 leciwe auto pisz\u0105c na nim du\u017cymi literami swoj\u0105 ofert\u0119 i numer kontaktowy.<\/strong><\/p>\n<p>Policja zdj\u0119\u0142a odciski palc\u00f3w z przewr\u00f3conego auta. Jest du\u017ca szansa, \u017ce wandale zostan\u0105 namierzeni i odpowiedz\u0105 za sw\u00f3j bezprawny czyn.<\/p>\n","protected":false},"excerpt":{"rendered":"W nocy z soboty na niedziel\u0119 prawdopodobnie czterech sprawc\u00f3w przewr\u00f3ci\u0142o na dach. Wed\u0142ug \u015bwiadka m\u0119\u017cczy\u017ani oko\u0142o godz. 1-2 w nocy mieli podej\u015b\u0107 do \n<a class=\"moretag\" href=\"https:\/\/ostrowskatv.pl\/?p=1889\"> [...]<\/a>","protected":false},"author":1,"featured_media":1890,"comment_status":"open","ping_status":"open","sticky":false,"template":"","format":"standard","meta":{"footnotes":""},"categories":[1],"tags":[2],"class_list":["post-1889","post","type-post","status-publish","format-standard","has-post-thumbnail","hentry","category-news","tag-ostrow-wielkopolski"],"_links":{"self":[{"href":"https:\/\/ostrowskatv.pl\/index.php?rest_route=\/wp\/v2\/posts\/1889","targetHints":{"allow":["GET"]}}],"collection":[{"href":"https:\/\/ostrowskatv.pl\/index.php?rest_route=\/wp\/v2\/posts"}],"about":[{"href":"https:\/\/ostrowskatv.pl\/index.php?rest_route=\/wp\/v2\/types\/post"}],"author":[{"embeddable":true,"href":"https:\/\/ostrowskatv.pl\/index.php?rest_route=\/wp\/v2\/users\/1"}],"replies":[{"embeddable":true,"href":"https:\/\/ostrowskatv.pl\/index.php?rest_route=%2Fwp%2Fv2%2Fcomments&post=1889"}],"version-history":[{"count":0,"href":"https:\/\/ostrowskatv.pl\/index.php?rest_route=\/wp\/v2\/posts\/1889\/revisions"}],"wp:featuredmedia":[{"embeddable":true,"href":"https:\/\/ostrowskatv.pl\/index.php?rest_route=\/wp\/v2\/media\/1890"}],"wp:attachment":[{"href":"https:\/\/ostrowskatv.pl\/index.php?rest_route=%2Fwp%2Fv2%2Fmedia&parent=1889"}],"wp:term":[{"taxonomy":"category","embeddable":true,"href":"https:\/\/ostrowskatv.pl\/index.php?rest_route=%2Fwp%2Fv2%2Fcategories&post=1889"},{"taxonomy":"post_tag","embeddable":true,"href":"https:\/\/ostrowskatv.pl\/index.php?rest_route=%2Fwp%2Fv2%2Ftags&post=1889"}],"curies":[{"name":"wp","href":"https:\/\/api.w.org\/{rel}","templated":true}]}}