{"id":18821,"date":"2022-05-02T22:28:34","date_gmt":"2022-05-02T21:28:34","guid":{"rendered":"https:\/\/ostrowskatv.pl\/?p=18821"},"modified":"2022-05-02T22:28:34","modified_gmt":"2022-05-02T21:28:34","slug":"wyskoczyla-mu-kosc-z-biodra-bolesny-skutek-wypadku","status":"publish","type":"post","link":"https:\/\/ostrowskatv.pl\/?p=18821","title":{"rendered":"Wyskoczy\u0142a mu ko\u015b\u0107 z biodra. Bolesny skutek wypadku"},"content":{"rendered":"<p><strong>O tym, \u017ce warto je\u017adzi\u0107 w pasach bezpiecze\u0144stwa przekona\u0142 si\u0119 oko\u0142o 40-letni m\u0119\u017cczyzna jad\u0105cy mercedes. Cho\u0107 jecha\u0142 na drodze z pierwsze\u0144stwem przejazdu i bezpieczny mercedesem S klasy, to nie uchroni\u0142o go to przed doznaniem bolesnego urazu nogi. <\/strong><\/p>\n<p>Po wyjechaniu z Ostrowa Wielkopolskiego wjecha\u0142 do Przygodzic. Tam przy skr\u0119cie do Jankowa Przygodzkiego dosz\u0142o do wypadku na skutek wyjechania z drogi podporz\u0105dkowanej mercedesa a klasy, kt\u00f3rym podr\u00f3\u017cowa\u0142y dwie kobiety.<\/p>\n<p>M\u0119\u017cczyzna widz\u0105c nieuchronno\u015b\u0107 zderzenia zapar\u0142 si\u0119 nog\u0105. Po zderzeniu ko\u015b\u0107 na wysoko\u015bci biodra wyskoczy\u0142a ze stawu. Dodatkowo m\u0119\u017cczyzna wygi\u0105\u0142 cia\u0142em kierownic\u0119. <\/p>\n<p>Poszkodowanego zabrano do szpitala.<\/p>\n<p><img loading=\"lazy\" decoding=\"async\" src=\"https:\/\/ostrowskatv.pl\/wp-content\/uploads\/2022\/05\/Przyg5.jpeg\" alt=\"\" width=\"1366\" height=\"865\" class=\"alignnone size-full wp-image-18820\" srcset=\"https:\/\/ostrowskatv.pl\/wp-content\/uploads\/2022\/05\/Przyg5.jpeg 1366w, https:\/\/ostrowskatv.pl\/wp-content\/uploads\/2022\/05\/Przyg5-300x190.jpeg 300w, https:\/\/ostrowskatv.pl\/wp-content\/uploads\/2022\/05\/Przyg5-569x360.jpeg 569w\" sizes=\"auto, (max-width: 1366px) 100vw, 1366px\" \/><\/p>\n<p><img loading=\"lazy\" decoding=\"async\" src=\"https:\/\/ostrowskatv.pl\/wp-content\/uploads\/2022\/05\/Przyg4.jpeg\" alt=\"\" width=\"1366\" height=\"832\" class=\"alignnone size-full wp-image-18819\" srcset=\"https:\/\/ostrowskatv.pl\/wp-content\/uploads\/2022\/05\/Przyg4.jpeg 1366w, https:\/\/ostrowskatv.pl\/wp-content\/uploads\/2022\/05\/Przyg4-300x183.jpeg 300w, https:\/\/ostrowskatv.pl\/wp-content\/uploads\/2022\/05\/Przyg4-591x360.jpeg 591w\" sizes=\"auto, (max-width: 1366px) 100vw, 1366px\" \/><\/p>\n<p><img loading=\"lazy\" decoding=\"async\" src=\"https:\/\/ostrowskatv.pl\/wp-content\/uploads\/2022\/05\/Przyg3.jpeg\" alt=\"\" width=\"1365\" height=\"824\" class=\"alignnone size-full wp-image-18818\" srcset=\"https:\/\/ostrowskatv.pl\/wp-content\/uploads\/2022\/05\/Przyg3.jpeg 1365w, https:\/\/ostrowskatv.pl\/wp-content\/uploads\/2022\/05\/Przyg3-300x181.jpeg 300w, https:\/\/ostrowskatv.pl\/wp-content\/uploads\/2022\/05\/Przyg3-596x360.jpeg 596w\" sizes=\"auto, (max-width: 1365px) 100vw, 1365px\" \/><\/p>\n<p><img loading=\"lazy\" decoding=\"async\" src=\"https:\/\/ostrowskatv.pl\/wp-content\/uploads\/2022\/05\/Przyg2.jpeg\" alt=\"\" width=\"1179\" height=\"582\" class=\"alignnone size-full wp-image-18817\" srcset=\"https:\/\/ostrowskatv.pl\/wp-content\/uploads\/2022\/05\/Przyg2.jpeg 1179w, https:\/\/ostrowskatv.pl\/wp-content\/uploads\/2022\/05\/Przyg2-300x148.jpeg 300w, https:\/\/ostrowskatv.pl\/wp-content\/uploads\/2022\/05\/Przyg2-640x316.jpeg 640w\" sizes=\"auto, (max-width: 1179px) 100vw, 1179px\" \/><\/p>\n<p><img loading=\"lazy\" decoding=\"async\" src=\"https:\/\/ostrowskatv.pl\/wp-content\/uploads\/2022\/05\/Przyg1.jpeg\" alt=\"\" width=\"1025\" height=\"1366\" class=\"alignnone size-full wp-image-18816\" srcset=\"https:\/\/ostrowskatv.pl\/wp-content\/uploads\/2022\/05\/Przyg1.jpeg 1025w, https:\/\/ostrowskatv.pl\/wp-content\/uploads\/2022\/05\/Przyg1-225x300.jpeg 225w, https:\/\/ostrowskatv.pl\/wp-content\/uploads\/2022\/05\/Przyg1-270x360.jpeg 270w\" sizes=\"auto, (max-width: 1025px) 100vw, 1025px\" \/><\/p>\n","protected":false},"excerpt":{"rendered":"O tym, \u017ce warto je\u017adzi\u0107 w pasach bezpiecze\u0144stwa przekona\u0142 si\u0119 oko\u0142o 40-letni m\u0119\u017cczyzna jad\u0105cy mercedes. Cho\u0107 jecha\u0142 na drodze z pierwsze\u0144stwem przejazdu i \n<a class=\"moretag\" href=\"https:\/\/ostrowskatv.pl\/?p=18821\"> [...]<\/a>","protected":false},"author":1,"featured_media":18817,"comment_status":"open","ping_status":"closed","sticky":false,"template":"","format":"standard","meta":{"footnotes":""},"categories":[1],"tags":[11],"class_list":["post-18821","post","type-post","status-publish","format-standard","has-post-thumbnail","hentry","category-news","tag-wypadek"],"_links":{"self":[{"href":"https:\/\/ostrowskatv.pl\/index.php?rest_route=\/wp\/v2\/posts\/18821","targetHints":{"allow":["GET"]}}],"collection":[{"href":"https:\/\/ostrowskatv.pl\/index.php?rest_route=\/wp\/v2\/posts"}],"about":[{"href":"https:\/\/ostrowskatv.pl\/index.php?rest_route=\/wp\/v2\/types\/post"}],"author":[{"embeddable":true,"href":"https:\/\/ostrowskatv.pl\/index.php?rest_route=\/wp\/v2\/users\/1"}],"replies":[{"embeddable":true,"href":"https:\/\/ostrowskatv.pl\/index.php?rest_route=%2Fwp%2Fv2%2Fcomments&post=18821"}],"version-history":[{"count":0,"href":"https:\/\/ostrowskatv.pl\/index.php?rest_route=\/wp\/v2\/posts\/18821\/revisions"}],"wp:featuredmedia":[{"embeddable":true,"href":"https:\/\/ostrowskatv.pl\/index.php?rest_route=\/wp\/v2\/media\/18817"}],"wp:attachment":[{"href":"https:\/\/ostrowskatv.pl\/index.php?rest_route=%2Fwp%2Fv2%2Fmedia&parent=18821"}],"wp:term":[{"taxonomy":"category","embeddable":true,"href":"https:\/\/ostrowskatv.pl\/index.php?rest_route=%2Fwp%2Fv2%2Fcategories&post=18821"},{"taxonomy":"post_tag","embeddable":true,"href":"https:\/\/ostrowskatv.pl\/index.php?rest_route=%2Fwp%2Fv2%2Ftags&post=18821"}],"curies":[{"name":"wp","href":"https:\/\/api.w.org\/{rel}","templated":true}]}}