{"id":18807,"date":"2022-05-02T18:51:02","date_gmt":"2022-05-02T17:51:02","guid":{"rendered":"https:\/\/ostrowskatv.pl\/?p=18807"},"modified":"2022-05-02T19:04:15","modified_gmt":"2022-05-02T18:04:15","slug":"pozar-na-piaskach","status":"publish","type":"post","link":"https:\/\/ostrowskatv.pl\/?p=18807","title":{"rendered":"Po\u017car na Piaskach"},"content":{"rendered":"<p><strong>Wielu spacerowicz\u00f3w na ostrowskich Piaskach korzysta\u0142o z konktaktu z natur\u0105 w ten pogodny dzie\u0144. W wyniku najprawdopodobniej zapr\u00f3szenia ognia, dosz\u0142o do po\u017caru trzciny rosn\u0105cej przy brzegu.<\/strong><\/p>\n<p>Po godzinie 19 ostrowskich stra\u017cak\u00f3w wys\u0142ano do akcji ga\u015bniczej. Na ostrowskie Piaski wjechali od strony ulicy Limanowskiego. Ogie\u0144 pojawi\u0142 si\u0119 prawie na samym ko\u0144cu trzcin.<\/p>\n<p>Stra\u017cacy z jednego w\u0119\u017ca szybko poradzili sobie z zagro\u017ceniem. Znikomy wiatr nie wspomaga\u0142 szybkiego rozprzestrzeniania si\u0119 ognia.a<\/p>\n<p><img loading=\"lazy\" decoding=\"async\" src=\"https:\/\/ostrowskatv.pl\/wp-content\/uploads\/2022\/05\/20220502_192130-01.jpeg\" alt=\"\" width=\"1366\" height=\"777\" class=\"alignnone size-full wp-image-18808\" srcset=\"https:\/\/ostrowskatv.pl\/wp-content\/uploads\/2022\/05\/20220502_192130-01.jpeg 1366w, https:\/\/ostrowskatv.pl\/wp-content\/uploads\/2022\/05\/20220502_192130-01-300x171.jpeg 300w, https:\/\/ostrowskatv.pl\/wp-content\/uploads\/2022\/05\/20220502_192130-01-633x360.jpeg 633w, https:\/\/ostrowskatv.pl\/wp-content\/uploads\/2022\/05\/20220502_192130-01-388x220.jpeg 388w\" sizes=\"auto, (max-width: 1366px) 100vw, 1366px\" \/><\/p>\n<p><img loading=\"lazy\" decoding=\"async\" src=\"https:\/\/ostrowskatv.pl\/wp-content\/uploads\/2022\/05\/20220502_192128-01.jpeg\" alt=\"\" width=\"1366\" height=\"877\" class=\"alignnone size-full wp-image-18809\" srcset=\"https:\/\/ostrowskatv.pl\/wp-content\/uploads\/2022\/05\/20220502_192128-01.jpeg 1366w, https:\/\/ostrowskatv.pl\/wp-content\/uploads\/2022\/05\/20220502_192128-01-300x193.jpeg 300w, https:\/\/ostrowskatv.pl\/wp-content\/uploads\/2022\/05\/20220502_192128-01-561x360.jpeg 561w\" sizes=\"auto, (max-width: 1366px) 100vw, 1366px\" \/><\/p>\n<p><img loading=\"lazy\" decoding=\"async\" src=\"https:\/\/ostrowskatv.pl\/wp-content\/uploads\/2022\/05\/20220502_192118-01.jpeg\" alt=\"\" width=\"1366\" height=\"684\" class=\"alignnone size-full wp-image-18810\" srcset=\"https:\/\/ostrowskatv.pl\/wp-content\/uploads\/2022\/05\/20220502_192118-01.jpeg 1366w, https:\/\/ostrowskatv.pl\/wp-content\/uploads\/2022\/05\/20220502_192118-01-300x150.jpeg 300w, https:\/\/ostrowskatv.pl\/wp-content\/uploads\/2022\/05\/20220502_192118-01-640x320.jpeg 640w\" sizes=\"auto, (max-width: 1366px) 100vw, 1366px\" \/><\/p>\n<p><img loading=\"lazy\" decoding=\"async\" src=\"https:\/\/ostrowskatv.pl\/wp-content\/uploads\/2022\/05\/20220502_192114-01.jpeg\" alt=\"\" width=\"1366\" height=\"795\" class=\"alignnone size-full wp-image-18811\" srcset=\"https:\/\/ostrowskatv.pl\/wp-content\/uploads\/2022\/05\/20220502_192114-01.jpeg 1366w, https:\/\/ostrowskatv.pl\/wp-content\/uploads\/2022\/05\/20220502_192114-01-300x175.jpeg 300w, https:\/\/ostrowskatv.pl\/wp-content\/uploads\/2022\/05\/20220502_192114-01-619x360.jpeg 619w\" sizes=\"auto, (max-width: 1366px) 100vw, 1366px\" \/><\/p>\n<p><img loading=\"lazy\" decoding=\"async\" src=\"https:\/\/ostrowskatv.pl\/wp-content\/uploads\/2022\/05\/20220502_192111-01.jpeg\" alt=\"\" width=\"1366\" height=\"1025\" class=\"alignnone size-full wp-image-18812\" srcset=\"https:\/\/ostrowskatv.pl\/wp-content\/uploads\/2022\/05\/20220502_192111-01.jpeg 1366w, https:\/\/ostrowskatv.pl\/wp-content\/uploads\/2022\/05\/20220502_192111-01-300x225.jpeg 300w, https:\/\/ostrowskatv.pl\/wp-content\/uploads\/2022\/05\/20220502_192111-01-480x360.jpeg 480w\" sizes=\"auto, (max-width: 1366px) 100vw, 1366px\" \/><\/p>\n<p><img loading=\"lazy\" decoding=\"async\" src=\"https:\/\/ostrowskatv.pl\/wp-content\/uploads\/2022\/05\/20220502_192106-01.jpeg\" alt=\"\" width=\"1365\" height=\"714\" class=\"alignnone size-full wp-image-18813\" srcset=\"https:\/\/ostrowskatv.pl\/wp-content\/uploads\/2022\/05\/20220502_192106-01.jpeg 1365w, https:\/\/ostrowskatv.pl\/wp-content\/uploads\/2022\/05\/20220502_192106-01-300x157.jpeg 300w, https:\/\/ostrowskatv.pl\/wp-content\/uploads\/2022\/05\/20220502_192106-01-640x335.jpeg 640w\" sizes=\"auto, (max-width: 1365px) 100vw, 1365px\" \/><\/p>\n","protected":false},"excerpt":{"rendered":"Wielu spacerowicz\u00f3w na ostrowskich Piaskach korzysta\u0142o z konktaktu z natur\u0105 w ten pogodny dzie\u0144. W wyniku najprawdopodobniej zapr\u00f3szenia ognia, dosz\u0142o do po\u017caru trzciny \n<a class=\"moretag\" href=\"https:\/\/ostrowskatv.pl\/?p=18807\"> [...]<\/a>","protected":false},"author":1,"featured_media":18809,"comment_status":"open","ping_status":"closed","sticky":false,"template":"","format":"standard","meta":{"footnotes":""},"categories":[1],"tags":[2],"class_list":["post-18807","post","type-post","status-publish","format-standard","has-post-thumbnail","hentry","category-news","tag-ostrow-wielkopolski"],"_links":{"self":[{"href":"https:\/\/ostrowskatv.pl\/index.php?rest_route=\/wp\/v2\/posts\/18807","targetHints":{"allow":["GET"]}}],"collection":[{"href":"https:\/\/ostrowskatv.pl\/index.php?rest_route=\/wp\/v2\/posts"}],"about":[{"href":"https:\/\/ostrowskatv.pl\/index.php?rest_route=\/wp\/v2\/types\/post"}],"author":[{"embeddable":true,"href":"https:\/\/ostrowskatv.pl\/index.php?rest_route=\/wp\/v2\/users\/1"}],"replies":[{"embeddable":true,"href":"https:\/\/ostrowskatv.pl\/index.php?rest_route=%2Fwp%2Fv2%2Fcomments&post=18807"}],"version-history":[{"count":0,"href":"https:\/\/ostrowskatv.pl\/index.php?rest_route=\/wp\/v2\/posts\/18807\/revisions"}],"wp:featuredmedia":[{"embeddable":true,"href":"https:\/\/ostrowskatv.pl\/index.php?rest_route=\/wp\/v2\/media\/18809"}],"wp:attachment":[{"href":"https:\/\/ostrowskatv.pl\/index.php?rest_route=%2Fwp%2Fv2%2Fmedia&parent=18807"}],"wp:term":[{"taxonomy":"category","embeddable":true,"href":"https:\/\/ostrowskatv.pl\/index.php?rest_route=%2Fwp%2Fv2%2Fcategories&post=18807"},{"taxonomy":"post_tag","embeddable":true,"href":"https:\/\/ostrowskatv.pl\/index.php?rest_route=%2Fwp%2Fv2%2Ftags&post=18807"}],"curies":[{"name":"wp","href":"https:\/\/api.w.org\/{rel}","templated":true}]}}