{"id":188,"date":"2016-01-15T16:27:25","date_gmt":"2016-01-15T15:27:25","guid":{"rendered":"http:\/\/ostrowska.tv\/?p=188"},"modified":"2016-01-15T16:27:25","modified_gmt":"2016-01-15T15:27:25","slug":"kto-zarobil-na-24-finale-wosp","status":"publish","type":"post","link":"https:\/\/ostrowskatv.pl\/?p=188","title":{"rendered":"Kto zarobi\u0142 na 24. finale WO\u015aP?"},"content":{"rendered":"<p><strong>Sebastian G\u00f3rski, dyrektor Ostrowskiego Centrum Kultury poinformowa\u0142, \u017ce koszt 24. fina\u0142u WO\u015aP wyni\u00f3s\u0142 ~6 tysi\u0119cy z\u0142otych. Telewizja Pro-Art stanowi najwi\u0119kszy koszt fina\u0142u. Transmisj\u0119 wyceni\u0142a na kwot\u0119 3 660 z\u0142.<\/strong><\/p>\n","protected":false},"excerpt":{"rendered":"Sebastian G\u00f3rski, dyrektor Ostrowskiego Centrum Kultury poinformowa\u0142, \u017ce koszt 24. fina\u0142u WO\u015aP wyni\u00f3s\u0142 ~6 tysi\u0119cy z\u0142otych. Telewizja Pro-Art stanowi najwi\u0119kszy koszt fina\u0142u. Transmisj\u0119 \n<a class=\"moretag\" href=\"https:\/\/ostrowskatv.pl\/?p=188\"> [...]<\/a>","protected":false},"author":1,"featured_media":145,"comment_status":"open","ping_status":"open","sticky":false,"template":"","format":"standard","meta":{"footnotes":""},"categories":[1],"tags":[21],"class_list":["post-188","post","type-post","status-publish","format-standard","has-post-thumbnail","hentry","category-news","tag-wosp"],"_links":{"self":[{"href":"https:\/\/ostrowskatv.pl\/index.php?rest_route=\/wp\/v2\/posts\/188","targetHints":{"allow":["GET"]}}],"collection":[{"href":"https:\/\/ostrowskatv.pl\/index.php?rest_route=\/wp\/v2\/posts"}],"about":[{"href":"https:\/\/ostrowskatv.pl\/index.php?rest_route=\/wp\/v2\/types\/post"}],"author":[{"embeddable":true,"href":"https:\/\/ostrowskatv.pl\/index.php?rest_route=\/wp\/v2\/users\/1"}],"replies":[{"embeddable":true,"href":"https:\/\/ostrowskatv.pl\/index.php?rest_route=%2Fwp%2Fv2%2Fcomments&post=188"}],"version-history":[{"count":0,"href":"https:\/\/ostrowskatv.pl\/index.php?rest_route=\/wp\/v2\/posts\/188\/revisions"}],"wp:featuredmedia":[{"embeddable":true,"href":"https:\/\/ostrowskatv.pl\/index.php?rest_route=\/wp\/v2\/media\/145"}],"wp:attachment":[{"href":"https:\/\/ostrowskatv.pl\/index.php?rest_route=%2Fwp%2Fv2%2Fmedia&parent=188"}],"wp:term":[{"taxonomy":"category","embeddable":true,"href":"https:\/\/ostrowskatv.pl\/index.php?rest_route=%2Fwp%2Fv2%2Fcategories&post=188"},{"taxonomy":"post_tag","embeddable":true,"href":"https:\/\/ostrowskatv.pl\/index.php?rest_route=%2Fwp%2Fv2%2Ftags&post=188"}],"curies":[{"name":"wp","href":"https:\/\/api.w.org\/{rel}","templated":true}]}}