{"id":18748,"date":"2022-04-23T20:14:08","date_gmt":"2022-04-23T19:14:08","guid":{"rendered":"https:\/\/ostrowskatv.pl\/?p=18748"},"modified":"2022-04-23T20:14:08","modified_gmt":"2022-04-23T19:14:08","slug":"zatrzymano-mezczyzne-ktory-mogl-krzywdzic-dzieci","status":"publish","type":"post","link":"https:\/\/ostrowskatv.pl\/?p=18748","title":{"rendered":"Zatrzymano m\u0119\u017cczyzn\u0119, kt\u00f3ry m\u00f3g\u0142 krzywdzi\u0107 dzieci"},"content":{"rendered":"<p><strong>W sobot\u0119 przed godz. 16:00 zostali\u015bmy powiadomieni o m\u0119\u017cczy\u017anie, kt\u00f3ry w rejonie placu zabaw w Odolanowie mia\u0142 &#8222;niestosowanie si\u0119 zachowywa\u0107&#8221; &#8211; informuje ostrowska policja. <\/strong><\/p>\n<p>Policjanci oko\u0142o godz. 17:30 zatrzymali 59- letniego m\u0119\u017cczyzn\u0119, mieszka\u0144ca gminy Twardog\u00f3ra. W chwili obecnej trwaj\u0105 czynno\u015bci, wyja\u015bniane s\u0105 szczeg\u00f3\u0142y tego zdarzenia.<\/p>\n<p>Jedna z mieszkanek opisa\u0142a sytuacj\u0119 tak:<\/p>\n<blockquote><p>Nigdy nie pozwol\u0119 aby\u015b krzywdzi\u0142 dzieci !!!<br \/>\nMamy Ci\u0119 !!!!!!<br \/>\nDzi\u0119kujemy zg\u0142aszaj\u0105cym nam te informacje, oraz policji z Odolanowa, kt\u00f3ra pomog\u0142a w zatrzymaniu.<\/p>\n<p>Odpowiedzi na wasze pytania : czy jest z naszej gminy, i co zrobi\u0142 &#8211; dla mnie nie ma to znaczenia, jest na terenie naszej gminy i nie mo\u017cemy si\u0119 na to godzi\u0107, nie mo\u017cemy pozwoli\u0107 aby jakie kolwiek dziecko mia\u0142o  traum\u0119 lub co gorsza by\u0142o skrzywdzone <\/p><\/blockquote>\n","protected":false},"excerpt":{"rendered":"W sobot\u0119 przed godz. 16:00 zostali\u015bmy powiadomieni o m\u0119\u017cczy\u017anie, kt\u00f3ry w rejonie placu zabaw w Odolanowie mia\u0142 &#8222;niestosowanie si\u0119 zachowywa\u0107&#8221; &#8211; informuje ostrowska \n<a class=\"moretag\" href=\"https:\/\/ostrowskatv.pl\/?p=18748\"> [...]<\/a>","protected":false},"author":1,"featured_media":18750,"comment_status":"open","ping_status":"closed","sticky":false,"template":"","format":"standard","meta":{"footnotes":""},"categories":[1],"tags":[38],"class_list":["post-18748","post","type-post","status-publish","format-standard","has-post-thumbnail","hentry","category-news","tag-odolanow"],"_links":{"self":[{"href":"https:\/\/ostrowskatv.pl\/index.php?rest_route=\/wp\/v2\/posts\/18748","targetHints":{"allow":["GET"]}}],"collection":[{"href":"https:\/\/ostrowskatv.pl\/index.php?rest_route=\/wp\/v2\/posts"}],"about":[{"href":"https:\/\/ostrowskatv.pl\/index.php?rest_route=\/wp\/v2\/types\/post"}],"author":[{"embeddable":true,"href":"https:\/\/ostrowskatv.pl\/index.php?rest_route=\/wp\/v2\/users\/1"}],"replies":[{"embeddable":true,"href":"https:\/\/ostrowskatv.pl\/index.php?rest_route=%2Fwp%2Fv2%2Fcomments&post=18748"}],"version-history":[{"count":0,"href":"https:\/\/ostrowskatv.pl\/index.php?rest_route=\/wp\/v2\/posts\/18748\/revisions"}],"wp:featuredmedia":[{"embeddable":true,"href":"https:\/\/ostrowskatv.pl\/index.php?rest_route=\/wp\/v2\/media\/18750"}],"wp:attachment":[{"href":"https:\/\/ostrowskatv.pl\/index.php?rest_route=%2Fwp%2Fv2%2Fmedia&parent=18748"}],"wp:term":[{"taxonomy":"category","embeddable":true,"href":"https:\/\/ostrowskatv.pl\/index.php?rest_route=%2Fwp%2Fv2%2Fcategories&post=18748"},{"taxonomy":"post_tag","embeddable":true,"href":"https:\/\/ostrowskatv.pl\/index.php?rest_route=%2Fwp%2Fv2%2Ftags&post=18748"}],"curies":[{"name":"wp","href":"https:\/\/api.w.org\/{rel}","templated":true}]}}