{"id":18656,"date":"2022-04-17T08:51:50","date_gmt":"2022-04-17T07:51:50","guid":{"rendered":"https:\/\/ostrowskatv.pl\/?p=18656"},"modified":"2022-04-17T08:51:50","modified_gmt":"2022-04-17T07:51:50","slug":"drut-kolczasty-i-zolnierz-groby-panskie","status":"publish","type":"post","link":"https:\/\/ostrowskatv.pl\/?p=18656","title":{"rendered":"Drut kolczasty i \u017co\u0142nierz &#8211; Groby Pa\u0144skie"},"content":{"rendered":"<p><strong>Podczas \u015awi\u0105t Wielkanocnych w parafiach przygotowywane s\u0105 Groby Pa\u0144skie. Czasami proboszczowe nawi\u0105zuj\u0105 do wa\u017cnych, bie\u017c\u0105cych wydarze\u0144 takich jak pandemia czy obecnie trwaj\u0105ca wojna w Ukrainie.<\/strong><\/p>\n<p>W parafii p.w. \u015bw. Paw\u0142a Aposto\u0142a w Ostrowie Wielkopolski, gdzie proboszczem jest ks. Jacek Kita przygotowano oryginalny gr\u00f3b. Znajduje si\u0119 na nim zamaskowany \u017co\u0142nierz z granatem, a za nim rozci\u0105gni\u0119ty jest drut kolczasty. Istotne jest jednak has\u0142o przewodnie: &#8222;Od powietrza, g\u0142odu, ognia i wojny wybaw nas Panie!&#8221;. <\/p>\n<p>W pozosta\u0142ych parafiach trzymano si\u0119 tradycyjnej formy. Autor zdj\u0119\u0107: Kazimierz Ryszard Adamowicz<\/p>\n<p><img loading=\"lazy\" decoding=\"async\" src=\"https:\/\/ostrowskatv.pl\/wp-content\/uploads\/2022\/04\/najswietszy_zbawiciel.jpg\" alt=\"\" width=\"720\" height=\"753\" class=\"alignnone size-full wp-image-18657\" srcset=\"https:\/\/ostrowskatv.pl\/wp-content\/uploads\/2022\/04\/najswietszy_zbawiciel.jpg 720w, https:\/\/ostrowskatv.pl\/wp-content\/uploads\/2022\/04\/najswietszy_zbawiciel-287x300.jpg 287w, https:\/\/ostrowskatv.pl\/wp-content\/uploads\/2022\/04\/najswietszy_zbawiciel-344x360.jpg 344w\" sizes=\"auto, (max-width: 720px) 100vw, 720px\" \/><\/p>\n<p><img loading=\"lazy\" decoding=\"async\" src=\"https:\/\/ostrowskatv.pl\/wp-content\/uploads\/2022\/04\/grob_sp_pawel_06.jpg\" alt=\"\" width=\"1536\" height=\"2048\" class=\"alignnone size-full wp-image-18658\" srcset=\"https:\/\/ostrowskatv.pl\/wp-content\/uploads\/2022\/04\/grob_sp_pawel_06.jpg 1536w, https:\/\/ostrowskatv.pl\/wp-content\/uploads\/2022\/04\/grob_sp_pawel_06-225x300.jpg 225w, https:\/\/ostrowskatv.pl\/wp-content\/uploads\/2022\/04\/grob_sp_pawel_06-270x360.jpg 270w, https:\/\/ostrowskatv.pl\/wp-content\/uploads\/2022\/04\/grob_sp_pawel_06-1152x1536.jpg 1152w\" sizes=\"auto, (max-width: 1536px) 100vw, 1536px\" \/><\/p>\n<p><img loading=\"lazy\" decoding=\"async\" src=\"https:\/\/ostrowskatv.pl\/wp-content\/uploads\/2022\/04\/grob_sp_pawel_05.jpg\" alt=\"\" width=\"1536\" height=\"2048\" class=\"alignnone size-full wp-image-18659\" srcset=\"https:\/\/ostrowskatv.pl\/wp-content\/uploads\/2022\/04\/grob_sp_pawel_05.jpg 1536w, https:\/\/ostrowskatv.pl\/wp-content\/uploads\/2022\/04\/grob_sp_pawel_05-225x300.jpg 225w, https:\/\/ostrowskatv.pl\/wp-content\/uploads\/2022\/04\/grob_sp_pawel_05-270x360.jpg 270w, https:\/\/ostrowskatv.pl\/wp-content\/uploads\/2022\/04\/grob_sp_pawel_05-1152x1536.jpg 1152w\" sizes=\"auto, (max-width: 1536px) 100vw, 1536px\" \/><\/p>\n<p><img loading=\"lazy\" decoding=\"async\" src=\"https:\/\/ostrowskatv.pl\/wp-content\/uploads\/2022\/04\/grob_sp_pawel_04.jpg\" alt=\"\" width=\"2048\" height=\"1536\" class=\"alignnone size-full wp-image-18660\" srcset=\"https:\/\/ostrowskatv.pl\/wp-content\/uploads\/2022\/04\/grob_sp_pawel_04.jpg 2048w, https:\/\/ostrowskatv.pl\/wp-content\/uploads\/2022\/04\/grob_sp_pawel_04-300x225.jpg 300w, https:\/\/ostrowskatv.pl\/wp-content\/uploads\/2022\/04\/grob_sp_pawel_04-480x360.jpg 480w, https:\/\/ostrowskatv.pl\/wp-content\/uploads\/2022\/04\/grob_sp_pawel_04-1536x1152.jpg 1536w\" sizes=\"auto, (max-width: 2048px) 100vw, 2048px\" \/><\/p>\n<p><img loading=\"lazy\" decoding=\"async\" src=\"https:\/\/ostrowskatv.pl\/wp-content\/uploads\/2022\/04\/grob_sp_pawel_03.jpg\" alt=\"\" width=\"1536\" height=\"2048\" class=\"alignnone size-full wp-image-18661\" srcset=\"https:\/\/ostrowskatv.pl\/wp-content\/uploads\/2022\/04\/grob_sp_pawel_03.jpg 1536w, https:\/\/ostrowskatv.pl\/wp-content\/uploads\/2022\/04\/grob_sp_pawel_03-225x300.jpg 225w, https:\/\/ostrowskatv.pl\/wp-content\/uploads\/2022\/04\/grob_sp_pawel_03-270x360.jpg 270w, https:\/\/ostrowskatv.pl\/wp-content\/uploads\/2022\/04\/grob_sp_pawel_03-1152x1536.jpg 1152w\" sizes=\"auto, (max-width: 1536px) 100vw, 1536px\" \/><\/p>\n<p><img loading=\"lazy\" decoding=\"async\" src=\"https:\/\/ostrowskatv.pl\/wp-content\/uploads\/2022\/04\/grob_sp_pawel_02.jpg\" alt=\"\" width=\"1536\" height=\"2048\" class=\"alignnone size-full wp-image-18662\" srcset=\"https:\/\/ostrowskatv.pl\/wp-content\/uploads\/2022\/04\/grob_sp_pawel_02.jpg 1536w, https:\/\/ostrowskatv.pl\/wp-content\/uploads\/2022\/04\/grob_sp_pawel_02-225x300.jpg 225w, https:\/\/ostrowskatv.pl\/wp-content\/uploads\/2022\/04\/grob_sp_pawel_02-270x360.jpg 270w, https:\/\/ostrowskatv.pl\/wp-content\/uploads\/2022\/04\/grob_sp_pawel_02-1152x1536.jpg 1152w\" sizes=\"auto, (max-width: 1536px) 100vw, 1536px\" \/><\/p>\n<p><img loading=\"lazy\" decoding=\"async\" src=\"https:\/\/ostrowskatv.pl\/wp-content\/uploads\/2022\/04\/grob_sp_pawel_02b.jpg\" alt=\"\" width=\"1098\" height=\"710\" class=\"alignnone size-full wp-image-18663\" srcset=\"https:\/\/ostrowskatv.pl\/wp-content\/uploads\/2022\/04\/grob_sp_pawel_02b.jpg 1098w, https:\/\/ostrowskatv.pl\/wp-content\/uploads\/2022\/04\/grob_sp_pawel_02b-300x194.jpg 300w, https:\/\/ostrowskatv.pl\/wp-content\/uploads\/2022\/04\/grob_sp_pawel_02b-557x360.jpg 557w\" sizes=\"auto, (max-width: 1098px) 100vw, 1098px\" \/><\/p>\n","protected":false},"excerpt":{"rendered":"Podczas \u015awi\u0105t Wielkanocnych w parafiach przygotowywane s\u0105 Groby Pa\u0144skie. Czasami proboszczowe nawi\u0105zuj\u0105 do wa\u017cnych, bie\u017c\u0105cych wydarze\u0144 takich jak pandemia czy obecnie trwaj\u0105ca wojna \n<a class=\"moretag\" href=\"https:\/\/ostrowskatv.pl\/?p=18656\"> [...]<\/a>","protected":false},"author":1,"featured_media":18663,"comment_status":"open","ping_status":"closed","sticky":false,"template":"","format":"standard","meta":{"footnotes":""},"categories":[1],"tags":[196],"class_list":["post-18656","post","type-post","status-publish","format-standard","has-post-thumbnail","hentry","category-news","tag-kosciol"],"_links":{"self":[{"href":"https:\/\/ostrowskatv.pl\/index.php?rest_route=\/wp\/v2\/posts\/18656","targetHints":{"allow":["GET"]}}],"collection":[{"href":"https:\/\/ostrowskatv.pl\/index.php?rest_route=\/wp\/v2\/posts"}],"about":[{"href":"https:\/\/ostrowskatv.pl\/index.php?rest_route=\/wp\/v2\/types\/post"}],"author":[{"embeddable":true,"href":"https:\/\/ostrowskatv.pl\/index.php?rest_route=\/wp\/v2\/users\/1"}],"replies":[{"embeddable":true,"href":"https:\/\/ostrowskatv.pl\/index.php?rest_route=%2Fwp%2Fv2%2Fcomments&post=18656"}],"version-history":[{"count":0,"href":"https:\/\/ostrowskatv.pl\/index.php?rest_route=\/wp\/v2\/posts\/18656\/revisions"}],"wp:featuredmedia":[{"embeddable":true,"href":"https:\/\/ostrowskatv.pl\/index.php?rest_route=\/wp\/v2\/media\/18663"}],"wp:attachment":[{"href":"https:\/\/ostrowskatv.pl\/index.php?rest_route=%2Fwp%2Fv2%2Fmedia&parent=18656"}],"wp:term":[{"taxonomy":"category","embeddable":true,"href":"https:\/\/ostrowskatv.pl\/index.php?rest_route=%2Fwp%2Fv2%2Fcategories&post=18656"},{"taxonomy":"post_tag","embeddable":true,"href":"https:\/\/ostrowskatv.pl\/index.php?rest_route=%2Fwp%2Fv2%2Ftags&post=18656"}],"curies":[{"name":"wp","href":"https:\/\/api.w.org\/{rel}","templated":true}]}}