{"id":18644,"date":"2022-04-17T00:36:52","date_gmt":"2022-04-16T23:36:52","guid":{"rendered":"https:\/\/ostrowskatv.pl\/?p=18644"},"modified":"2022-04-17T00:36:52","modified_gmt":"2022-04-16T23:36:52","slug":"pozar-w-kamienicy-przy-wroclawskiej","status":"publish","type":"post","link":"https:\/\/ostrowskatv.pl\/?p=18644","title":{"rendered":"Po\u017car w kamienicy przy Wroc\u0142awskiej"},"content":{"rendered":"<p><strong>Po godzinie 00.30 z soboty na niedziel\u0119 zauwa\u017cono po\u017car w kamienicy przy ulicy Wroc\u0142awskiej 126 w Ostrowie Wielkopolskim. Ogie\u0144 obejmowa\u0142 mieszkanie, kt\u00f3re teoretycznie powinno by\u0107 opuszczone.<\/strong><\/p>\n<p>Na miejsce wys\u0142ano dwa wozy ga\u015bnicze z PSP, podno\u015bnik, oraz OSP Ostr\u00f3w Wielkopolski. Z chwil\u0105 przybycia pierwszych woz\u00f3w po\u017car by\u0142 rozwini\u0119ty. 9 os\u00f3b zdo\u0142a\u0142o si\u0119 ewakuowa\u0107 dzi\u0119ki s\u0105siedzkiej pomocy.<\/p>\n<p>Po ugaszeniu po\u017caru nie stwierdzono \u017cadnej osoby poszkodowanej. Stra\u017cacy nast\u0119pnie przewietrzyli budynek. Trwa ustalanie przyczyny powstania ognia.<\/p>\n<p><img loading=\"lazy\" decoding=\"async\" class=\"alignnone size-full wp-image-18645\" src=\"https:\/\/ostrowskatv.pl\/wp-content\/uploads\/2022\/04\/20220417_010735-01.jpeg\" alt=\"\" width=\"1366\" height=\"1025\" srcset=\"https:\/\/ostrowskatv.pl\/wp-content\/uploads\/2022\/04\/20220417_010735-01.jpeg 1366w, https:\/\/ostrowskatv.pl\/wp-content\/uploads\/2022\/04\/20220417_010735-01-300x225.jpeg 300w, https:\/\/ostrowskatv.pl\/wp-content\/uploads\/2022\/04\/20220417_010735-01-480x360.jpeg 480w\" sizes=\"auto, (max-width: 1366px) 100vw, 1366px\" \/><\/p>\n<p><img loading=\"lazy\" decoding=\"async\" class=\"alignnone size-full wp-image-18646\" src=\"https:\/\/ostrowskatv.pl\/wp-content\/uploads\/2022\/04\/20220417_010809-01.jpeg\" alt=\"\" width=\"1366\" height=\"1025\" srcset=\"https:\/\/ostrowskatv.pl\/wp-content\/uploads\/2022\/04\/20220417_010809-01.jpeg 1366w, https:\/\/ostrowskatv.pl\/wp-content\/uploads\/2022\/04\/20220417_010809-01-300x225.jpeg 300w, https:\/\/ostrowskatv.pl\/wp-content\/uploads\/2022\/04\/20220417_010809-01-480x360.jpeg 480w\" sizes=\"auto, (max-width: 1366px) 100vw, 1366px\" \/><\/p>\n<p><img loading=\"lazy\" decoding=\"async\" class=\"alignnone size-full wp-image-18647\" src=\"https:\/\/ostrowskatv.pl\/wp-content\/uploads\/2022\/04\/20220417_010818-01.jpeg\" alt=\"\" width=\"1366\" height=\"1025\" srcset=\"https:\/\/ostrowskatv.pl\/wp-content\/uploads\/2022\/04\/20220417_010818-01.jpeg 1366w, https:\/\/ostrowskatv.pl\/wp-content\/uploads\/2022\/04\/20220417_010818-01-300x225.jpeg 300w, https:\/\/ostrowskatv.pl\/wp-content\/uploads\/2022\/04\/20220417_010818-01-480x360.jpeg 480w\" sizes=\"auto, (max-width: 1366px) 100vw, 1366px\" \/><\/p>\n<p><img loading=\"lazy\" decoding=\"async\" class=\"alignnone size-full wp-image-18648\" src=\"https:\/\/ostrowskatv.pl\/wp-content\/uploads\/2022\/04\/20220417_010900-01.jpeg\" alt=\"\" width=\"1366\" height=\"800\" srcset=\"https:\/\/ostrowskatv.pl\/wp-content\/uploads\/2022\/04\/20220417_010900-01.jpeg 1366w, https:\/\/ostrowskatv.pl\/wp-content\/uploads\/2022\/04\/20220417_010900-01-300x176.jpeg 300w, https:\/\/ostrowskatv.pl\/wp-content\/uploads\/2022\/04\/20220417_010900-01-615x360.jpeg 615w, https:\/\/ostrowskatv.pl\/wp-content\/uploads\/2022\/04\/20220417_010900-01-752x440.jpeg 752w\" sizes=\"auto, (max-width: 1366px) 100vw, 1366px\" \/><\/p>\n<p><img loading=\"lazy\" decoding=\"async\" class=\"alignnone size-full wp-image-18649\" src=\"https:\/\/ostrowskatv.pl\/wp-content\/uploads\/2022\/04\/20220417_010911-01.jpeg\" alt=\"\" width=\"1366\" height=\"1025\" srcset=\"https:\/\/ostrowskatv.pl\/wp-content\/uploads\/2022\/04\/20220417_010911-01.jpeg 1366w, https:\/\/ostrowskatv.pl\/wp-content\/uploads\/2022\/04\/20220417_010911-01-300x225.jpeg 300w, https:\/\/ostrowskatv.pl\/wp-content\/uploads\/2022\/04\/20220417_010911-01-480x360.jpeg 480w\" sizes=\"auto, (max-width: 1366px) 100vw, 1366px\" \/><\/p>\n<p><img loading=\"lazy\" decoding=\"async\" class=\"alignnone size-full wp-image-18650\" src=\"https:\/\/ostrowskatv.pl\/wp-content\/uploads\/2022\/04\/20220417_010928-01.jpeg\" alt=\"\" width=\"1366\" height=\"1025\" srcset=\"https:\/\/ostrowskatv.pl\/wp-content\/uploads\/2022\/04\/20220417_010928-01.jpeg 1366w, https:\/\/ostrowskatv.pl\/wp-content\/uploads\/2022\/04\/20220417_010928-01-300x225.jpeg 300w, https:\/\/ostrowskatv.pl\/wp-content\/uploads\/2022\/04\/20220417_010928-01-480x360.jpeg 480w\" sizes=\"auto, (max-width: 1366px) 100vw, 1366px\" \/><\/p>\n<p><img loading=\"lazy\" decoding=\"async\" class=\"alignnone size-full wp-image-18651\" src=\"https:\/\/ostrowskatv.pl\/wp-content\/uploads\/2022\/04\/20220417_010944-01.jpeg\" alt=\"\" width=\"1366\" height=\"803\" srcset=\"https:\/\/ostrowskatv.pl\/wp-content\/uploads\/2022\/04\/20220417_010944-01.jpeg 1366w, https:\/\/ostrowskatv.pl\/wp-content\/uploads\/2022\/04\/20220417_010944-01-300x176.jpeg 300w, https:\/\/ostrowskatv.pl\/wp-content\/uploads\/2022\/04\/20220417_010944-01-612x360.jpeg 612w\" sizes=\"auto, (max-width: 1366px) 100vw, 1366px\" \/><\/p>\n<p><img loading=\"lazy\" decoding=\"async\" class=\"alignnone size-full wp-image-18652\" src=\"https:\/\/ostrowskatv.pl\/wp-content\/uploads\/2022\/04\/20220417_011017-01.jpeg\" alt=\"\" width=\"1366\" height=\"1025\" srcset=\"https:\/\/ostrowskatv.pl\/wp-content\/uploads\/2022\/04\/20220417_011017-01.jpeg 1366w, https:\/\/ostrowskatv.pl\/wp-content\/uploads\/2022\/04\/20220417_011017-01-300x225.jpeg 300w, https:\/\/ostrowskatv.pl\/wp-content\/uploads\/2022\/04\/20220417_011017-01-480x360.jpeg 480w\" sizes=\"auto, (max-width: 1366px) 100vw, 1366px\" \/><\/p>\n<p><img loading=\"lazy\" decoding=\"async\" class=\"alignnone size-full wp-image-18653\" src=\"https:\/\/ostrowskatv.pl\/wp-content\/uploads\/2022\/04\/20220417_011022-01.jpeg\" alt=\"\" width=\"1366\" height=\"770\" srcset=\"https:\/\/ostrowskatv.pl\/wp-content\/uploads\/2022\/04\/20220417_011022-01.jpeg 1366w, https:\/\/ostrowskatv.pl\/wp-content\/uploads\/2022\/04\/20220417_011022-01-300x169.jpeg 300w, https:\/\/ostrowskatv.pl\/wp-content\/uploads\/2022\/04\/20220417_011022-01-640x360.jpeg 640w, https:\/\/ostrowskatv.pl\/wp-content\/uploads\/2022\/04\/20220417_011022-01-388x220.jpeg 388w\" sizes=\"auto, (max-width: 1366px) 100vw, 1366px\" \/><\/p>\n","protected":false},"excerpt":{"rendered":"Po godzinie 00.30 z soboty na niedziel\u0119 zauwa\u017cono po\u017car w kamienicy przy ulicy Wroc\u0142awskiej 126 w Ostrowie Wielkopolskim. Ogie\u0144 obejmowa\u0142 mieszkanie, kt\u00f3re teoretycznie \n<a class=\"moretag\" href=\"https:\/\/ostrowskatv.pl\/?p=18644\"> [...]<\/a>","protected":false},"author":1,"featured_media":18649,"comment_status":"open","ping_status":"closed","sticky":false,"template":"","format":"standard","meta":{"footnotes":""},"categories":[1],"tags":[7],"class_list":["post-18644","post","type-post","status-publish","format-standard","has-post-thumbnail","hentry","category-news","tag-pozar"],"_links":{"self":[{"href":"https:\/\/ostrowskatv.pl\/index.php?rest_route=\/wp\/v2\/posts\/18644","targetHints":{"allow":["GET"]}}],"collection":[{"href":"https:\/\/ostrowskatv.pl\/index.php?rest_route=\/wp\/v2\/posts"}],"about":[{"href":"https:\/\/ostrowskatv.pl\/index.php?rest_route=\/wp\/v2\/types\/post"}],"author":[{"embeddable":true,"href":"https:\/\/ostrowskatv.pl\/index.php?rest_route=\/wp\/v2\/users\/1"}],"replies":[{"embeddable":true,"href":"https:\/\/ostrowskatv.pl\/index.php?rest_route=%2Fwp%2Fv2%2Fcomments&post=18644"}],"version-history":[{"count":0,"href":"https:\/\/ostrowskatv.pl\/index.php?rest_route=\/wp\/v2\/posts\/18644\/revisions"}],"wp:featuredmedia":[{"embeddable":true,"href":"https:\/\/ostrowskatv.pl\/index.php?rest_route=\/wp\/v2\/media\/18649"}],"wp:attachment":[{"href":"https:\/\/ostrowskatv.pl\/index.php?rest_route=%2Fwp%2Fv2%2Fmedia&parent=18644"}],"wp:term":[{"taxonomy":"category","embeddable":true,"href":"https:\/\/ostrowskatv.pl\/index.php?rest_route=%2Fwp%2Fv2%2Fcategories&post=18644"},{"taxonomy":"post_tag","embeddable":true,"href":"https:\/\/ostrowskatv.pl\/index.php?rest_route=%2Fwp%2Fv2%2Ftags&post=18644"}],"curies":[{"name":"wp","href":"https:\/\/api.w.org\/{rel}","templated":true}]}}