{"id":18634,"date":"2022-04-15T06:45:18","date_gmt":"2022-04-15T05:45:18","guid":{"rendered":"https:\/\/ostrowskatv.pl\/?p=18634"},"modified":"2022-04-15T06:58:52","modified_gmt":"2022-04-15T05:58:52","slug":"jakie-tematy-zglaszali-ludzie-do-tvn-uwaga","status":"publish","type":"post","link":"https:\/\/ostrowskatv.pl\/?p=18634","title":{"rendered":"Jakie tematy ludzie zg\u0142aszali do TVN Uwaga?"},"content":{"rendered":"<p><strong>W czwartek przez dwie godziny dokumentali\u015bci z programu TVN Uwaga! wys\u0142uchiwali propozycji temat\u00f3w. Te dostarczali im mieszka\u0144cy Ostrowa Wielkopolskiego i regionu. <\/strong><\/p>\n<p>Kilkuosobowa grupa przyjecha\u0142a z Kalisza wraz z ma\u0142\u0105 Jag\u00f3dk\u0105, kt\u00f3ra jest jednym z oko\u0142o 50 dzieci cierpi\u0105cych na SMA. Koszt leczenia to 9 milion\u00f3w z\u0142otych, a uzbierano dopiero po\u0142ow\u0119 potrzebnej kwoty. Osoby chc\u0105ce pom\u00f3c, mog\u0105 do\u0142\u0105czy\u0107 do grupy gdzie prowadzone s\u0105 licytacje.<\/p>\n<p><a href=\"https:\/\/www.facebook.com\/groups\/4207633399272017\">https:\/\/www.facebook.com\/groups\/4207633399272017<\/a><\/p>\n<p>Dwoje nastolatk\u00f3w zg\u0142osi\u0142o swoje uwagi do systemu nauczania. Ich zdaniem jest on niew\u0142a\u015bciwy i powinien zosta\u0107 zreformowany. Ponadto jedna z mieszkanek opowiedzia\u0142a jak zarz\u0105dca kamienicy przy ulicy Kaliskiej zamurowa\u0142 przew\u00f3d kominowy, co uniemo\u017cliwia tradycyjnie ogrzewanie lokalu. <\/p>\n<p>Szereg os\u00f3b prezentowa\u0142o tematy i spory zwi\u0105zane z MZGM. Jeden z m\u0142odych m\u0119\u017cczyzn ubolewa\u0142, \u017ce nie dosta\u0142 socjalnego mieszkania, a jego kolega ju\u017c ma. Ostrowianin nie sp\u0142aci\u0142 jeszcze wszystkich rat wynikaj\u0105cych z podpisanego porozumienia ze sp\u00f3\u0142k\u0105. <\/p>\n<p>Podszed\u0142 r\u00f3wnie\u017c m\u0119\u017cczyzna, kt\u00f3ry opowiedzia\u0142 o po\u015bwiadczaniu nieprawdy w dokumentach dotycz\u0105cych hodowli trzody chlewnej i wy\u0142udzaniu pieni\u0119dzy z jednej z instytucji. Temat ma dotyczy\u0107 rolnik\u00f3w z powiatu ostrowskiego. <\/p>\n<p>Inny mieszkaniec opowiedzia\u0142, \u017ce mieszkania samotnie. Jest inwalid\u0105 i czy kto\u015b jest mu w stanie pom\u00f3c w codziennym \u017cyciu. M\u0119\u017cczyzna zosta\u0142 poinformowany o mo\u017cliwo\u015bci udania si\u0119 do MOPS, gdzie uzyska szczeg\u00f3\u0142owe informacje nt. form wsparcia.<\/p>\n<p><img loading=\"lazy\" decoding=\"async\" src=\"https:\/\/ostrowskatv.pl\/wp-content\/uploads\/2022\/04\/20220414_121019-01.jpeg\" alt=\"\" width=\"1366\" height=\"928\" class=\"alignnone size-full wp-image-18635\" srcset=\"https:\/\/ostrowskatv.pl\/wp-content\/uploads\/2022\/04\/20220414_121019-01.jpeg 1366w, https:\/\/ostrowskatv.pl\/wp-content\/uploads\/2022\/04\/20220414_121019-01-300x204.jpeg 300w, https:\/\/ostrowskatv.pl\/wp-content\/uploads\/2022\/04\/20220414_121019-01-530x360.jpeg 530w\" sizes=\"auto, (max-width: 1366px) 100vw, 1366px\" \/><\/p>\n<p><img loading=\"lazy\" decoding=\"async\" src=\"https:\/\/ostrowskatv.pl\/wp-content\/uploads\/2022\/04\/20220414_121024-01.jpeg\" alt=\"\" width=\"1366\" height=\"938\" class=\"alignnone size-full wp-image-18636\" srcset=\"https:\/\/ostrowskatv.pl\/wp-content\/uploads\/2022\/04\/20220414_121024-01.jpeg 1366w, https:\/\/ostrowskatv.pl\/wp-content\/uploads\/2022\/04\/20220414_121024-01-300x206.jpeg 300w, https:\/\/ostrowskatv.pl\/wp-content\/uploads\/2022\/04\/20220414_121024-01-524x360.jpeg 524w\" sizes=\"auto, (max-width: 1366px) 100vw, 1366px\" \/><\/p>\n<p><img loading=\"lazy\" decoding=\"async\" src=\"https:\/\/ostrowskatv.pl\/wp-content\/uploads\/2022\/04\/20220414_121033-01.jpeg\" alt=\"\" width=\"1366\" height=\"1044\" class=\"alignnone size-full wp-image-18637\" srcset=\"https:\/\/ostrowskatv.pl\/wp-content\/uploads\/2022\/04\/20220414_121033-01.jpeg 1366w, https:\/\/ostrowskatv.pl\/wp-content\/uploads\/2022\/04\/20220414_121033-01-300x229.jpeg 300w, https:\/\/ostrowskatv.pl\/wp-content\/uploads\/2022\/04\/20220414_121033-01-471x360.jpeg 471w\" sizes=\"auto, (max-width: 1366px) 100vw, 1366px\" \/><\/p>\n<p><img loading=\"lazy\" decoding=\"async\" src=\"https:\/\/ostrowskatv.pl\/wp-content\/uploads\/2022\/04\/20220414_121039-01.jpeg\" alt=\"\" width=\"1366\" height=\"841\" class=\"alignnone size-full wp-image-18638\" srcset=\"https:\/\/ostrowskatv.pl\/wp-content\/uploads\/2022\/04\/20220414_121039-01.jpeg 1366w, https:\/\/ostrowskatv.pl\/wp-content\/uploads\/2022\/04\/20220414_121039-01-300x185.jpeg 300w, https:\/\/ostrowskatv.pl\/wp-content\/uploads\/2022\/04\/20220414_121039-01-585x360.jpeg 585w\" sizes=\"auto, (max-width: 1366px) 100vw, 1366px\" \/><\/p>\n<p><img loading=\"lazy\" decoding=\"async\" src=\"https:\/\/ostrowskatv.pl\/wp-content\/uploads\/2022\/04\/20220414_121407-01.jpeg\" alt=\"\" width=\"1366\" height=\"1025\" class=\"alignnone size-full wp-image-18639\" srcset=\"https:\/\/ostrowskatv.pl\/wp-content\/uploads\/2022\/04\/20220414_121407-01.jpeg 1366w, https:\/\/ostrowskatv.pl\/wp-content\/uploads\/2022\/04\/20220414_121407-01-300x225.jpeg 300w, https:\/\/ostrowskatv.pl\/wp-content\/uploads\/2022\/04\/20220414_121407-01-480x360.jpeg 480w\" sizes=\"auto, (max-width: 1366px) 100vw, 1366px\" \/><\/p>\n<p><img loading=\"lazy\" decoding=\"async\" src=\"https:\/\/ostrowskatv.pl\/wp-content\/uploads\/2022\/04\/20220414_121410-01.jpeg\" alt=\"\" width=\"1366\" height=\"1025\" class=\"alignnone size-full wp-image-18640\" srcset=\"https:\/\/ostrowskatv.pl\/wp-content\/uploads\/2022\/04\/20220414_121410-01.jpeg 1366w, https:\/\/ostrowskatv.pl\/wp-content\/uploads\/2022\/04\/20220414_121410-01-300x225.jpeg 300w, https:\/\/ostrowskatv.pl\/wp-content\/uploads\/2022\/04\/20220414_121410-01-480x360.jpeg 480w\" sizes=\"auto, (max-width: 1366px) 100vw, 1366px\" \/><\/p>\n","protected":false},"excerpt":{"rendered":"W czwartek przez dwie godziny dokumentali\u015bci z programu TVN Uwaga! wys\u0142uchiwali propozycji temat\u00f3w. Te dostarczali im mieszka\u0144cy Ostrowa Wielkopolskiego i regionu. Kilkuosobowa grupa \n<a class=\"moretag\" href=\"https:\/\/ostrowskatv.pl\/?p=18634\"> [...]<\/a>","protected":false},"author":1,"featured_media":18638,"comment_status":"open","ping_status":"closed","sticky":false,"template":"","format":"standard","meta":{"footnotes":""},"categories":[1],"tags":[2],"class_list":["post-18634","post","type-post","status-publish","format-standard","has-post-thumbnail","hentry","category-news","tag-ostrow-wielkopolski"],"_links":{"self":[{"href":"https:\/\/ostrowskatv.pl\/index.php?rest_route=\/wp\/v2\/posts\/18634","targetHints":{"allow":["GET"]}}],"collection":[{"href":"https:\/\/ostrowskatv.pl\/index.php?rest_route=\/wp\/v2\/posts"}],"about":[{"href":"https:\/\/ostrowskatv.pl\/index.php?rest_route=\/wp\/v2\/types\/post"}],"author":[{"embeddable":true,"href":"https:\/\/ostrowskatv.pl\/index.php?rest_route=\/wp\/v2\/users\/1"}],"replies":[{"embeddable":true,"href":"https:\/\/ostrowskatv.pl\/index.php?rest_route=%2Fwp%2Fv2%2Fcomments&post=18634"}],"version-history":[{"count":0,"href":"https:\/\/ostrowskatv.pl\/index.php?rest_route=\/wp\/v2\/posts\/18634\/revisions"}],"wp:featuredmedia":[{"embeddable":true,"href":"https:\/\/ostrowskatv.pl\/index.php?rest_route=\/wp\/v2\/media\/18638"}],"wp:attachment":[{"href":"https:\/\/ostrowskatv.pl\/index.php?rest_route=%2Fwp%2Fv2%2Fmedia&parent=18634"}],"wp:term":[{"taxonomy":"category","embeddable":true,"href":"https:\/\/ostrowskatv.pl\/index.php?rest_route=%2Fwp%2Fv2%2Fcategories&post=18634"},{"taxonomy":"post_tag","embeddable":true,"href":"https:\/\/ostrowskatv.pl\/index.php?rest_route=%2Fwp%2Fv2%2Ftags&post=18634"}],"curies":[{"name":"wp","href":"https:\/\/api.w.org\/{rel}","templated":true}]}}