{"id":186,"date":"2016-01-15T13:39:44","date_gmt":"2016-01-15T12:39:44","guid":{"rendered":"http:\/\/ostrowska.tv\/?p=186"},"modified":"2016-01-15T13:39:44","modified_gmt":"2016-01-15T12:39:44","slug":"holdikom-prezydent-kontratakuje-platforme","status":"publish","type":"post","link":"https:\/\/ostrowskatv.pl\/?p=186","title":{"rendered":"Holdikom: Prezydent kontratakuje Platform\u0119"},"content":{"rendered":"<p><strong>Prezydent Beata Klimek w konkretnych s\u0142owach odnios\u0142a si\u0119 do zarzut\u00f3w, kt\u00f3ry pad\u0142y na konferencji lokalnych polityk\u00f3w z Platformy Obywatelskiej. Najpierw skupi\u0142a si\u0119 na zarzutach dotycz\u0105cych sp\u00f3\u0142ki Holdikom, kt\u00f3ra zdaniem PO zosta\u0142a tylko przemalowana.<\/strong><\/p>\n<p><u>Zarzut:<\/u><\/p>\n<p>Pozorna likwidacja HOLDIKOMU \u2013 wed\u0142ug przedstawionego podczas konferencji zestawienia, brak racjonalnych powod\u00f3w i korzy\u015bci z zast\u0105pienia sp\u00f3\u0142ki HOLDIKOM S.A. sp\u00f3\u0142k\u0105 CRK S.A<\/p>\n<p>&nbsp;<\/p>\n<p>Stanowisko wyra\u017cone podczas konferencji prasowej PO nie odnosi si\u0119 do merytorycznych argument\u00f3w przemawiaj\u0105cych za likwidacj\u0105 HOLDIKOMU. Brakuje w nim odniesienia do faktu, \u017ce HOLDIKOM w ci\u0105gu ostatniej kadencji J. Urbaniaka odszed\u0142 od pierwotnych za\u0142o\u017ce\u0144 i zamiast by\u0107 motorem rozwoju w mie\u015bcie \u2013 sta\u0142 si\u0119 \u017ar\u00f3d\u0142em patologii i pot\u0119\u017cnych zarobk\u00f3w dla w\u0105skiej grupy os\u00f3b. Trzeba to powiedzie\u0107 jasno: w HOLDIKOMIE przejadano pieni\u0105dze mieszka\u0144c\u00f3w Ostrowa.<\/p>\n<p>W szczytowym okresie funkcjonowania \u2013 koszty dzia\u0142alno\u015bci HOLDIKOMU wynosi\u0142y nawet 5 mln z\u0142otych rocznie. Ogromn\u0105 cz\u0119\u015b\u0107 tej kwoty stanowi\u0142y wynagrodzenia dla cz\u0142onk\u00f3w zarz\u0105du, kt\u00f3ry zosta\u0142 odwo\u0142any na pocz\u0105tku obecnej kadencji. Wtedy podj\u0119to decyzj\u0119 o uwolnieniu HOLDIKOMU od politycznych wp\u0142yw\u00f3w oraz ludzi, kt\u00f3rzy dorabiali si\u0119 na zatrudnieniu w tej sp\u00f3\u0142ce.<\/p>\n<p>Dzia\u0142alno\u015b\u0107 tych os\u00f3b pokaza\u0142a, \u017ce na pocz\u0105tku ubieg\u0142ego roku HOLDIKOM stan\u0105\u0142 na kraw\u0119dzi bankructwa, co by\u0142o du\u017cym zagro\u017ceniem, np. wobec mo\u017cliwo\u015bci dalszego funkcjonowania obecnych w jego strukturze Centr\u00f3w Obs\u0142ugi Klienta. Rozpocz\u0119to wi\u0119c dzia\u0142ania naprawcze, kt\u00f3re zaowocowa\u0142y przede wszystkim zmniejszeniem koszt\u00f3w o ponad milion z\u0142otych na wynagrodzeniach Zarz\u0105d\u00f3w i Rad Nadzorczych w ca\u0142ej Grupie Kapita\u0142owej. Zmniejszyli\u015bmy liczebno\u015b\u0107 Zarz\u0105d\u00f3w oraz Rad Nadzorczych, a tak\u017ce zacz\u0119li\u015bmy wygasza\u0107 nieefektywn\u0105 dzia\u0142alno\u015b\u0107 HOLDIKOMU. By\u0142o to pierwszym krokiem do jego likwidacji i powo\u0142ania do \u017cycia Centrum Rozwoju Komunalnego, a wi\u0119c podmiotu, kt\u00f3ry b\u0119dzie przeciwie\u0144stwem HOLDIKOMU.<\/p>\n<p>Po pierwsze, dlatego, \u017ce Centrum Rozwoju Komunalnego ma jasno okre\u015blone cele, kt\u00f3rych brakowa\u0142o w HOLDIKOMIE. CRK b\u0119dzie przede wszystkim du\u017co ta\u0144sze. Docelowo chcemy aby sta\u0142o si\u0119 samowystarczalne. Centrum Rozwoju Komunalnego b\u0119dzie \u201em\u00f3zgiem\u201d nowych inwestycji i przedsi\u0119wzi\u0119\u0107, koncentruj\u0105c si\u0119 na wprowadzaniu innowacyjnych rozwi\u0105za\u0144 w miejskim sektorze komunalnym. Tego w\u0142a\u015bnie brakowa\u0142o do tej pory w HOLDIKOMIE, kt\u00f3ry musia\u0142 znikn\u0105\u0107, poniewa\u017c b\u0119d\u0105c synonimem patologii, rozrzutno\u015bci, przejadania publicznych pieni\u0119dzy, przerostu zatrudnienia i mizernej efektywno\u015bci dzia\u0142ania\u00a0 &#8211; sta\u0142 si\u0119 fataln\u0105 wizyt\u00f3wk\u0105 naszego miasta.<\/p>\n<p>Naszym zadaniem by\u0142o sko\u0144czy\u0107 z t\u0105 patologi\u0105 oraz postawi\u0107 zupe\u0142nie nowe cele<\/p>\n<p>w ramach zmienionych zasad organizacji ostrowskiej gospodarki komunalnej. Ich realizatorem b\u0119dzie Centrum Rozwoju Komunalnego, kt\u00f3re tworzymy niejako na gruzach HOLDIKOMU, wykorzystuj\u0105c cz\u0119\u015b\u0107 rozwi\u0105za\u0144, kt\u00f3re mia\u0142y szans\u0119 si\u0119 sprawdzi\u0107.<\/p>\n<p>Nowa sp\u00f3\u0142ka b\u0119dzie odpowiedzialna za utrzymanie optymalnych cen za us\u0142ugi komunalne. Koszty nadzoru w\u0142a\u015bcicielskiego zostan\u0105 jeszcze bardziej zmniejszone. Docelowo CRK ma sta\u0107 si\u0119 samowystarczalne finansowo, a pobierane od sp\u00f3\u0142ek &#8211; c\u00f3rek dywidendy b\u0119d\u0105 przeznaczane na inwestycje komunalne. Centrum Rozwoju Komunalnego SA b\u0119dzie kreowa\u0142o i nadzorowa\u0142o rozw\u00f3j i inwestycje. Ma to by\u0107 centrum dla projekt\u00f3w innowacyjnych oraz powi\u0105zania i wsp\u00f3\u0142pracy r\u00f3\u017cnych dziedzin gospodarki komunalnej, np. wdro\u017cenie autobusu elektrycznego zasilanego energi\u0105 produkowan\u0105 przez OZC. W celu ograniczenia koszt\u00f3w we wszystkich sp\u00f3\u0142kach komunalnych &#8211; CRK b\u0119dzie nadzorowa\u0107 m.in. wsp\u00f3lne zakupy produkt\u00f3w i us\u0142ug dla ca\u0142ej grupy kapita\u0142owej.<\/p>\n<p>Pan Pose\u0142 Urbaniak najwyra\u017aniej tego nie rozumie, skoro odwo\u0142uje si\u0119 wy\u0142\u0105cznie do przyk\u0142ad\u00f3w na bazie zwierz\u0105t hodowlanych. On podaje za przyk\u0142ad krow\u0119 i konia, a ja wskazuj\u0119 na milionowe inwestycje, kt\u00f3re b\u0119dziemy realizowa\u0107 pod auspicjami Centrum Rozwoju Komunalnego.<\/p>\n<p><u>\u00a0<\/u><\/p>\n<p><u>Zarzut:<\/u><\/p>\n<p>Radni PO twierdz\u0105, \u017ce w HOLDIKOMIE potrzebny by\u0142 audyt, kt\u00f3ry mia\u0142 kosztowa\u0107 50 tys. z\u0142otych. Jego wnioskiem mia\u0142 by\u0107 fakt, \u017ce \u201enie mo\u017cna ot tak zlikwidowa\u0107\u201d HOLDIKOMU.<\/p>\n<p>&nbsp;<\/p>\n<p>Koszt audytu zapowiadanego na samym pocz\u0105tku kadencji prezydent Beaty Klimek wyni\u00f3s\u0142 oko\u0142o 49 tys. z\u0142otych i jest on niezale\u017cnym, obiektywnym opracowaniem ekspert\u00f3w, kt\u00f3rzy ocenili dotychczasow\u0105 dzia\u0142alno\u015b\u0107 HOLDIKOMU w \u015bwietle wielu zarzut\u00f3w i w\u0105tpliwo\u015bci pod adresem tej sp\u00f3\u0142ki. Nieprawd\u0105 jest natomiast stwierdzenie, \u017ce audyt mia\u0142 wskazywa\u0107, jakoby HOLDIKOMU nie mo\u017cna by\u0142o zlikwidowa\u0107. W dokumencie tym znajdujemy szereg informacji na temat tego, co do tej pory by\u0142o dysfunkcjonalne i w jaki spos\u00f3b mo\u017cna to naprawi\u0107. Dlatego audyt by\u0142 niezb\u0119dny, a jego warto\u015b\u0107 merytoryczna jest dzisiaj dla nas wa\u017cn\u0105 wskaz\u00f3wk\u0105 podczas wdra\u017cania nowej organizacji gospodarki komunalnej w naszym mie\u015bcie. Koszt audytu, czyli oko\u0142o 49 tys. z\u0142otych nie powinien dziwi\u0107 radnych PO, poniewa\u017c ca\u0142y maj\u0105tek HOLDIKOMU liczy ponad 80 mln z\u0142otych, dlatego przygotowanie wszechstronnego i profesjonalnego dokumentu w tym zakresie &#8211; nie mog\u0142o odby\u0107 si\u0119<\/p>\n<p>za przys\u0142owiow\u0105 z\u0142ot\u00f3wk\u0119. Zreszt\u0105 trzeba przy tej okazji przypomnie\u0107, \u017ce za kadencji Pana Urbaniaka, Zarz\u0105d HOLDIKOMU za podobne kwoty zamawia\u0142 pojedyncze opinie prawne, kt\u00f3re dotyczy\u0142y tak oczywistych rzeczy jak np. obowi\u0105zek publikowania o\u015bwiadcze\u0144 maj\u0105tkowych przez zarz\u0105dy sp\u00f3\u0142ek komunalnych.<\/p>\n<p>&nbsp;<\/p>\n<p><u>Zarzut:<\/u><\/p>\n<p>Odprawy dla \u201estarego\u201d zarz\u0105du HOLDIKOMU.<\/p>\n<p>&#8211; \u201eStaremu\u201d zarz\u0105dowi HOLDIKOMU nie b\u0119d\u0105 nale\u017ca\u0142y si\u0119 jakiekolwiek odprawy.<\/p>\n","protected":false},"excerpt":{"rendered":"Prezydent Beata Klimek w konkretnych s\u0142owach odnios\u0142a si\u0119 do zarzut\u00f3w, kt\u00f3ry pad\u0142y na konferencji lokalnych polityk\u00f3w z Platformy Obywatelskiej. Najpierw skupi\u0142a si\u0119 na \n<a class=\"moretag\" href=\"https:\/\/ostrowskatv.pl\/?p=186\"> [...]<\/a>","protected":false},"author":1,"featured_media":127,"comment_status":"open","ping_status":"open","sticky":false,"template":"","format":"standard","meta":{"footnotes":""},"categories":[1],"tags":[18],"class_list":["post-186","post","type-post","status-publish","format-standard","has-post-thumbnail","hentry","category-news","tag-holdikom"],"_links":{"self":[{"href":"https:\/\/ostrowskatv.pl\/index.php?rest_route=\/wp\/v2\/posts\/186","targetHints":{"allow":["GET"]}}],"collection":[{"href":"https:\/\/ostrowskatv.pl\/index.php?rest_route=\/wp\/v2\/posts"}],"about":[{"href":"https:\/\/ostrowskatv.pl\/index.php?rest_route=\/wp\/v2\/types\/post"}],"author":[{"embeddable":true,"href":"https:\/\/ostrowskatv.pl\/index.php?rest_route=\/wp\/v2\/users\/1"}],"replies":[{"embeddable":true,"href":"https:\/\/ostrowskatv.pl\/index.php?rest_route=%2Fwp%2Fv2%2Fcomments&post=186"}],"version-history":[{"count":0,"href":"https:\/\/ostrowskatv.pl\/index.php?rest_route=\/wp\/v2\/posts\/186\/revisions"}],"wp:featuredmedia":[{"embeddable":true,"href":"https:\/\/ostrowskatv.pl\/index.php?rest_route=\/wp\/v2\/media\/127"}],"wp:attachment":[{"href":"https:\/\/ostrowskatv.pl\/index.php?rest_route=%2Fwp%2Fv2%2Fmedia&parent=186"}],"wp:term":[{"taxonomy":"category","embeddable":true,"href":"https:\/\/ostrowskatv.pl\/index.php?rest_route=%2Fwp%2Fv2%2Fcategories&post=186"},{"taxonomy":"post_tag","embeddable":true,"href":"https:\/\/ostrowskatv.pl\/index.php?rest_route=%2Fwp%2Fv2%2Ftags&post=186"}],"curies":[{"name":"wp","href":"https:\/\/api.w.org\/{rel}","templated":true}]}}