{"id":18595,"date":"2022-04-12T05:33:21","date_gmt":"2022-04-12T04:33:21","guid":{"rendered":"https:\/\/ostrowskatv.pl\/?p=18595"},"modified":"2022-04-12T05:34:13","modified_gmt":"2022-04-12T04:34:13","slug":"interwencja-sluzb-w-pociagu-z-uchodzcami","status":"publish","type":"post","link":"https:\/\/ostrowskatv.pl\/?p=18595","title":{"rendered":"Interwencja s\u0142u\u017cb w poci\u0105gu z Uchod\u017acami"},"content":{"rendered":"<p><strong>Poci\u0105g jad\u0105cy z granicy polsko-ukrai\u0144skiej do Niemiec mia\u0142 przymusowy post\u00f3j w Ostrowie Wielkopolskim. Wszystko za spraw\u0105 interwencji s\u0142u\u017cb u ma\u0142ego dziecka. <\/strong><\/p>\n<p>Oko\u0142o godziny 4.30 na ostrowski dworzec wjecha\u0142 poci\u0105g specjalny przewo\u017c\u0105cy 297 uchod\u017ac\u00f3w z Ukrainy. Wyruszyli oni z Przemy\u015bla i docelowo maj\u0105 dojecha\u0107 do Hanoweru w Niemczech.<\/p>\n<p>Przed dojazdem do naszego miasta zg\u0142oszono konieczno\u015b\u0107 interwencji za\u0142ogi karetki pogotowia ratunkowego. Powodem by\u0142 rozstr\u00f3j zdrowia 4-letniej dziewczynki. Objawy wskazywa\u0142y na mo\u017cliwy nie\u017cyt \u017co\u0142\u0105dka.<\/p>\n<p>Przez kolejne p\u00f3\u0142 godziny podawano dora\u017ane lekarstwa. Pewnym problemem by\u0142 brak t\u0142umacza.<\/p>\n<p>Akcj\u0119 na dworcu zabezpiecza\u0142a policja i Stra\u017c Ochrony Kolei. Transport kolejowy realizowany by\u0142 we wsp\u00f3\u0142pracy polskiej firmy kolejowej, kt\u00f3ra podstawi\u0142a lokomotyw\u0119 oraz niemieckich linii kolejowych, kt\u00f3re zapewni\u0142y wagony. Takie transporty realizowane s\u0105 przez ca\u0142y tydzie\u0144 i podr\u00f3\u017cuje nimi od 130 do 300 os\u00f3b.<\/p>\n<p><img loading=\"lazy\" decoding=\"async\" src=\"https:\/\/ostrowskatv.pl\/wp-content\/uploads\/2022\/04\/20220412_050832-01.jpeg\" alt=\"\" width=\"1366\" height=\"752\" class=\"alignnone size-full wp-image-18596\" srcset=\"https:\/\/ostrowskatv.pl\/wp-content\/uploads\/2022\/04\/20220412_050832-01.jpeg 1366w, https:\/\/ostrowskatv.pl\/wp-content\/uploads\/2022\/04\/20220412_050832-01-300x165.jpeg 300w, https:\/\/ostrowskatv.pl\/wp-content\/uploads\/2022\/04\/20220412_050832-01-640x352.jpeg 640w\" sizes=\"auto, (max-width: 1366px) 100vw, 1366px\" \/><\/p>\n<p><img loading=\"lazy\" decoding=\"async\" src=\"https:\/\/ostrowskatv.pl\/wp-content\/uploads\/2022\/04\/20220412_050913-01.jpeg\" alt=\"\" width=\"1366\" height=\"879\" class=\"alignnone size-full wp-image-18597\" srcset=\"https:\/\/ostrowskatv.pl\/wp-content\/uploads\/2022\/04\/20220412_050913-01.jpeg 1366w, https:\/\/ostrowskatv.pl\/wp-content\/uploads\/2022\/04\/20220412_050913-01-300x193.jpeg 300w, https:\/\/ostrowskatv.pl\/wp-content\/uploads\/2022\/04\/20220412_050913-01-559x360.jpeg 559w\" sizes=\"auto, (max-width: 1366px) 100vw, 1366px\" \/><\/p>\n<p><img loading=\"lazy\" decoding=\"async\" src=\"https:\/\/ostrowskatv.pl\/wp-content\/uploads\/2022\/04\/20220412_050958-01.jpeg\" alt=\"\" width=\"1366\" height=\"729\" class=\"alignnone size-full wp-image-18598\" srcset=\"https:\/\/ostrowskatv.pl\/wp-content\/uploads\/2022\/04\/20220412_050958-01.jpeg 1366w, https:\/\/ostrowskatv.pl\/wp-content\/uploads\/2022\/04\/20220412_050958-01-300x160.jpeg 300w, https:\/\/ostrowskatv.pl\/wp-content\/uploads\/2022\/04\/20220412_050958-01-640x342.jpeg 640w\" sizes=\"auto, (max-width: 1366px) 100vw, 1366px\" \/><\/p>\n<p><img loading=\"lazy\" decoding=\"async\" src=\"https:\/\/ostrowskatv.pl\/wp-content\/uploads\/2022\/04\/20220412_051142-01.jpeg\" alt=\"\" width=\"1366\" height=\"769\" class=\"alignnone size-full wp-image-18599\" srcset=\"https:\/\/ostrowskatv.pl\/wp-content\/uploads\/2022\/04\/20220412_051142-01.jpeg 1366w, https:\/\/ostrowskatv.pl\/wp-content\/uploads\/2022\/04\/20220412_051142-01-300x169.jpeg 300w, https:\/\/ostrowskatv.pl\/wp-content\/uploads\/2022\/04\/20220412_051142-01-640x360.jpeg 640w\" sizes=\"auto, (max-width: 1366px) 100vw, 1366px\" \/><\/p>\n<p><img loading=\"lazy\" decoding=\"async\" src=\"https:\/\/ostrowskatv.pl\/wp-content\/uploads\/2022\/04\/20220412_052559-01.jpeg\" alt=\"\" width=\"1366\" height=\"623\" class=\"alignnone size-full wp-image-18600\" srcset=\"https:\/\/ostrowskatv.pl\/wp-content\/uploads\/2022\/04\/20220412_052559-01.jpeg 1366w, https:\/\/ostrowskatv.pl\/wp-content\/uploads\/2022\/04\/20220412_052559-01-300x137.jpeg 300w, https:\/\/ostrowskatv.pl\/wp-content\/uploads\/2022\/04\/20220412_052559-01-640x292.jpeg 640w\" sizes=\"auto, (max-width: 1366px) 100vw, 1366px\" \/><\/p>\n","protected":false},"excerpt":{"rendered":"Poci\u0105g jad\u0105cy z granicy polsko-ukrai\u0144skiej do Niemiec mia\u0142 przymusowy post\u00f3j w Ostrowie Wielkopolskim. Wszystko za spraw\u0105 interwencji s\u0142u\u017cb u ma\u0142ego dziecka. Oko\u0142o godziny \n<a class=\"moretag\" href=\"https:\/\/ostrowskatv.pl\/?p=18595\"> [...]<\/a>","protected":false},"author":1,"featured_media":18600,"comment_status":"open","ping_status":"closed","sticky":false,"template":"","format":"standard","meta":{"footnotes":""},"categories":[1],"tags":[2],"class_list":["post-18595","post","type-post","status-publish","format-standard","has-post-thumbnail","hentry","category-news","tag-ostrow-wielkopolski"],"_links":{"self":[{"href":"https:\/\/ostrowskatv.pl\/index.php?rest_route=\/wp\/v2\/posts\/18595","targetHints":{"allow":["GET"]}}],"collection":[{"href":"https:\/\/ostrowskatv.pl\/index.php?rest_route=\/wp\/v2\/posts"}],"about":[{"href":"https:\/\/ostrowskatv.pl\/index.php?rest_route=\/wp\/v2\/types\/post"}],"author":[{"embeddable":true,"href":"https:\/\/ostrowskatv.pl\/index.php?rest_route=\/wp\/v2\/users\/1"}],"replies":[{"embeddable":true,"href":"https:\/\/ostrowskatv.pl\/index.php?rest_route=%2Fwp%2Fv2%2Fcomments&post=18595"}],"version-history":[{"count":0,"href":"https:\/\/ostrowskatv.pl\/index.php?rest_route=\/wp\/v2\/posts\/18595\/revisions"}],"wp:featuredmedia":[{"embeddable":true,"href":"https:\/\/ostrowskatv.pl\/index.php?rest_route=\/wp\/v2\/media\/18600"}],"wp:attachment":[{"href":"https:\/\/ostrowskatv.pl\/index.php?rest_route=%2Fwp%2Fv2%2Fmedia&parent=18595"}],"wp:term":[{"taxonomy":"category","embeddable":true,"href":"https:\/\/ostrowskatv.pl\/index.php?rest_route=%2Fwp%2Fv2%2Fcategories&post=18595"},{"taxonomy":"post_tag","embeddable":true,"href":"https:\/\/ostrowskatv.pl\/index.php?rest_route=%2Fwp%2Fv2%2Ftags&post=18595"}],"curies":[{"name":"wp","href":"https:\/\/api.w.org\/{rel}","templated":true}]}}