{"id":18536,"date":"2022-04-05T17:09:36","date_gmt":"2022-04-05T16:09:36","guid":{"rendered":"https:\/\/ostrowskatv.pl\/?p=18536"},"modified":"2022-04-05T17:09:36","modified_gmt":"2022-04-05T16:09:36","slug":"pozar-w-starostwie-powiatowym","status":"publish","type":"post","link":"https:\/\/ostrowskatv.pl\/?p=18536","title":{"rendered":"Po\u017car w starostwie powiatowym"},"content":{"rendered":"<p><strong>W budynku Starostwa Powiatowego w Ostrowie Wielkopolskim dosz\u0142o do po\u017caru na poddaszu. Spowodowane to by\u0142o najprawdopodobniej zapr\u00f3szeniem ognia podczas prac remontowych.<\/strong><\/p>\n<p>Ekipa budowlana wykonywa\u0142a otwory wentylacyjne. Po\u017car mia\u0142 si\u0119 dosta\u0107 w warstw\u0119 izolacyjn\u0105 pomi\u0119dzy dachem, a sufitem.<\/p>\n<p>Stra\u017cacy usuwaj\u0105 materia\u0142y izolacyjne, kt\u00f3re mog\u0142y si\u0119 tli\u0107. Na miejsce skierowano szereg zast\u0119p\u00f3w stra\u017cy po\u017carnej zar\u00f3wno z Ostrowa Wielkopolskiego jak i okolicznych OSP.<\/p>\n<p><img loading=\"lazy\" decoding=\"async\" src=\"https:\/\/ostrowskatv.pl\/wp-content\/uploads\/2022\/04\/20220405_175855-01.jpeg\" alt=\"\" width=\"1366\" height=\"1025\" class=\"alignnone size-full wp-image-18537\" srcset=\"https:\/\/ostrowskatv.pl\/wp-content\/uploads\/2022\/04\/20220405_175855-01.jpeg 1366w, https:\/\/ostrowskatv.pl\/wp-content\/uploads\/2022\/04\/20220405_175855-01-300x225.jpeg 300w, https:\/\/ostrowskatv.pl\/wp-content\/uploads\/2022\/04\/20220405_175855-01-480x360.jpeg 480w\" sizes=\"auto, (max-width: 1366px) 100vw, 1366px\" \/><\/p>\n<p><img loading=\"lazy\" decoding=\"async\" src=\"https:\/\/ostrowskatv.pl\/wp-content\/uploads\/2022\/04\/20220405_172827-01.jpeg\" alt=\"\" width=\"1366\" height=\"916\" class=\"alignnone size-full wp-image-18538\" srcset=\"https:\/\/ostrowskatv.pl\/wp-content\/uploads\/2022\/04\/20220405_172827-01.jpeg 1366w, https:\/\/ostrowskatv.pl\/wp-content\/uploads\/2022\/04\/20220405_172827-01-300x201.jpeg 300w, https:\/\/ostrowskatv.pl\/wp-content\/uploads\/2022\/04\/20220405_172827-01-537x360.jpeg 537w\" sizes=\"auto, (max-width: 1366px) 100vw, 1366px\" \/><\/p>\n<p><img loading=\"lazy\" decoding=\"async\" src=\"https:\/\/ostrowskatv.pl\/wp-content\/uploads\/2022\/04\/20220405_172910-01.jpeg\" alt=\"\" width=\"1366\" height=\"1025\" class=\"alignnone size-full wp-image-18539\" srcset=\"https:\/\/ostrowskatv.pl\/wp-content\/uploads\/2022\/04\/20220405_172910-01.jpeg 1366w, https:\/\/ostrowskatv.pl\/wp-content\/uploads\/2022\/04\/20220405_172910-01-300x225.jpeg 300w, https:\/\/ostrowskatv.pl\/wp-content\/uploads\/2022\/04\/20220405_172910-01-480x360.jpeg 480w\" sizes=\"auto, (max-width: 1366px) 100vw, 1366px\" \/><\/p>\n<p><img loading=\"lazy\" decoding=\"async\" src=\"https:\/\/ostrowskatv.pl\/wp-content\/uploads\/2022\/04\/20220405_172920-01.jpeg\" alt=\"\" width=\"1366\" height=\"1025\" class=\"alignnone size-full wp-image-18540\" srcset=\"https:\/\/ostrowskatv.pl\/wp-content\/uploads\/2022\/04\/20220405_172920-01.jpeg 1366w, https:\/\/ostrowskatv.pl\/wp-content\/uploads\/2022\/04\/20220405_172920-01-300x225.jpeg 300w, https:\/\/ostrowskatv.pl\/wp-content\/uploads\/2022\/04\/20220405_172920-01-480x360.jpeg 480w\" sizes=\"auto, (max-width: 1366px) 100vw, 1366px\" \/><\/p>\n<p><img loading=\"lazy\" decoding=\"async\" src=\"https:\/\/ostrowskatv.pl\/wp-content\/uploads\/2022\/04\/20220405_172924-01.jpeg\" alt=\"\" width=\"1366\" height=\"1025\" class=\"alignnone size-full wp-image-18541\" srcset=\"https:\/\/ostrowskatv.pl\/wp-content\/uploads\/2022\/04\/20220405_172924-01.jpeg 1366w, https:\/\/ostrowskatv.pl\/wp-content\/uploads\/2022\/04\/20220405_172924-01-300x225.jpeg 300w, https:\/\/ostrowskatv.pl\/wp-content\/uploads\/2022\/04\/20220405_172924-01-480x360.jpeg 480w\" sizes=\"auto, (max-width: 1366px) 100vw, 1366px\" \/><\/p>\n<p><img loading=\"lazy\" decoding=\"async\" src=\"https:\/\/ostrowskatv.pl\/wp-content\/uploads\/2022\/04\/20220405_172927-01.jpeg\" alt=\"\" width=\"1366\" height=\"1025\" class=\"alignnone size-full wp-image-18542\" srcset=\"https:\/\/ostrowskatv.pl\/wp-content\/uploads\/2022\/04\/20220405_172927-01.jpeg 1366w, https:\/\/ostrowskatv.pl\/wp-content\/uploads\/2022\/04\/20220405_172927-01-300x225.jpeg 300w, https:\/\/ostrowskatv.pl\/wp-content\/uploads\/2022\/04\/20220405_172927-01-480x360.jpeg 480w\" sizes=\"auto, (max-width: 1366px) 100vw, 1366px\" \/><\/p>\n<p><img loading=\"lazy\" decoding=\"async\" src=\"https:\/\/ostrowskatv.pl\/wp-content\/uploads\/2022\/04\/20220405_172942-01.jpeg\" alt=\"\" width=\"1025\" height=\"1366\" class=\"alignnone size-full wp-image-18543\" srcset=\"https:\/\/ostrowskatv.pl\/wp-content\/uploads\/2022\/04\/20220405_172942-01.jpeg 1025w, https:\/\/ostrowskatv.pl\/wp-content\/uploads\/2022\/04\/20220405_172942-01-225x300.jpeg 225w, https:\/\/ostrowskatv.pl\/wp-content\/uploads\/2022\/04\/20220405_172942-01-270x360.jpeg 270w\" sizes=\"auto, (max-width: 1025px) 100vw, 1025px\" \/><\/p>\n<p><img loading=\"lazy\" decoding=\"async\" src=\"https:\/\/ostrowskatv.pl\/wp-content\/uploads\/2022\/04\/20220405_173120-01.jpeg\" alt=\"\" width=\"1366\" height=\"1025\" class=\"alignnone size-full wp-image-18544\" srcset=\"https:\/\/ostrowskatv.pl\/wp-content\/uploads\/2022\/04\/20220405_173120-01.jpeg 1366w, https:\/\/ostrowskatv.pl\/wp-content\/uploads\/2022\/04\/20220405_173120-01-300x225.jpeg 300w, https:\/\/ostrowskatv.pl\/wp-content\/uploads\/2022\/04\/20220405_173120-01-480x360.jpeg 480w\" sizes=\"auto, (max-width: 1366px) 100vw, 1366px\" \/><\/p>\n<p><img loading=\"lazy\" decoding=\"async\" src=\"https:\/\/ostrowskatv.pl\/wp-content\/uploads\/2022\/04\/20220405_173025-01.jpeg\" alt=\"\" width=\"1025\" height=\"1366\" class=\"alignnone size-full wp-image-18545\" srcset=\"https:\/\/ostrowskatv.pl\/wp-content\/uploads\/2022\/04\/20220405_173025-01.jpeg 1025w, https:\/\/ostrowskatv.pl\/wp-content\/uploads\/2022\/04\/20220405_173025-01-225x300.jpeg 225w, https:\/\/ostrowskatv.pl\/wp-content\/uploads\/2022\/04\/20220405_173025-01-270x360.jpeg 270w\" sizes=\"auto, (max-width: 1025px) 100vw, 1025px\" \/><\/p>\n<p><img loading=\"lazy\" decoding=\"async\" src=\"https:\/\/ostrowskatv.pl\/wp-content\/uploads\/2022\/04\/screen_0dc0869e71cb9a08_1649173671904.jpg\" alt=\"\" width=\"1280\" height=\"720\" class=\"alignnone size-full wp-image-18546\" srcset=\"https:\/\/ostrowskatv.pl\/wp-content\/uploads\/2022\/04\/screen_0dc0869e71cb9a08_1649173671904.jpg 1280w, https:\/\/ostrowskatv.pl\/wp-content\/uploads\/2022\/04\/screen_0dc0869e71cb9a08_1649173671904-300x169.jpg 300w, https:\/\/ostrowskatv.pl\/wp-content\/uploads\/2022\/04\/screen_0dc0869e71cb9a08_1649173671904-640x360.jpg 640w\" sizes=\"auto, (max-width: 1280px) 100vw, 1280px\" \/><\/p>\n","protected":false},"excerpt":{"rendered":"W budynku Starostwa Powiatowego w Ostrowie Wielkopolskim dosz\u0142o do po\u017caru na poddaszu. Spowodowane to by\u0142o najprawdopodobniej zapr\u00f3szeniem ognia podczas prac remontowych. Ekipa budowlana \n<a class=\"moretag\" href=\"https:\/\/ostrowskatv.pl\/?p=18536\"> [...]<\/a>","protected":false},"author":1,"featured_media":18542,"comment_status":"open","ping_status":"closed","sticky":false,"template":"","format":"standard","meta":{"footnotes":""},"categories":[1],"tags":[7],"class_list":["post-18536","post","type-post","status-publish","format-standard","has-post-thumbnail","hentry","category-news","tag-pozar"],"_links":{"self":[{"href":"https:\/\/ostrowskatv.pl\/index.php?rest_route=\/wp\/v2\/posts\/18536","targetHints":{"allow":["GET"]}}],"collection":[{"href":"https:\/\/ostrowskatv.pl\/index.php?rest_route=\/wp\/v2\/posts"}],"about":[{"href":"https:\/\/ostrowskatv.pl\/index.php?rest_route=\/wp\/v2\/types\/post"}],"author":[{"embeddable":true,"href":"https:\/\/ostrowskatv.pl\/index.php?rest_route=\/wp\/v2\/users\/1"}],"replies":[{"embeddable":true,"href":"https:\/\/ostrowskatv.pl\/index.php?rest_route=%2Fwp%2Fv2%2Fcomments&post=18536"}],"version-history":[{"count":0,"href":"https:\/\/ostrowskatv.pl\/index.php?rest_route=\/wp\/v2\/posts\/18536\/revisions"}],"wp:featuredmedia":[{"embeddable":true,"href":"https:\/\/ostrowskatv.pl\/index.php?rest_route=\/wp\/v2\/media\/18542"}],"wp:attachment":[{"href":"https:\/\/ostrowskatv.pl\/index.php?rest_route=%2Fwp%2Fv2%2Fmedia&parent=18536"}],"wp:term":[{"taxonomy":"category","embeddable":true,"href":"https:\/\/ostrowskatv.pl\/index.php?rest_route=%2Fwp%2Fv2%2Fcategories&post=18536"},{"taxonomy":"post_tag","embeddable":true,"href":"https:\/\/ostrowskatv.pl\/index.php?rest_route=%2Fwp%2Fv2%2Ftags&post=18536"}],"curies":[{"name":"wp","href":"https:\/\/api.w.org\/{rel}","templated":true}]}}