{"id":18528,"date":"2022-04-04T11:04:43","date_gmt":"2022-04-04T10:04:43","guid":{"rendered":"https:\/\/ostrowskatv.pl\/?p=18528"},"modified":"2022-04-04T11:05:34","modified_gmt":"2022-04-04T10:05:34","slug":"kolizja-na-rondzie-bankowym-bus-i-osobowka","status":"publish","type":"post","link":"https:\/\/ostrowskatv.pl\/?p=18528","title":{"rendered":"Kolizja na Rondzie Bankowym &#8211; bus i osob\u00f3wka"},"content":{"rendered":"<p><strong>Wczesnym poniedzia\u0142kowym rankiem na Rondzie Bankowym zderzy\u0142 si\u0119 samoch\u00f3d osobowy z busem. Kierowca osob\u00f3wki jecha\u0142 wewn\u0119trznym pasem i zasygnalizowa\u0142 zamiar zmiany pasa i zjazd z ronda. Prawem pasem jecha\u0142 znacznie szybciej bus, kt\u00f3ry w wyniku specyficznie wytyczonego pasa wjecha\u0142 w bok samochodu.<\/strong><\/p>\n<p>W tej sytuacji wina jednak le\u017cy po stronie kierowcy z samochodu, kt\u00f3ry zmienia\u0142 pas.<\/p>\n<p><iframe loading=\"lazy\" title=\"Kolizja - Rondo Bankowe - 4 kwietnia 2022\" width=\"747\" height=\"420\" src=\"https:\/\/www.youtube.com\/embed\/rkow8veVe7M?feature=oembed\" frameborder=\"0\" allow=\"accelerometer; autoplay; clipboard-write; encrypted-media; gyroscope; picture-in-picture; web-share\" referrerpolicy=\"strict-origin-when-cross-origin\" allowfullscreen><\/iframe><\/p>\n","protected":false},"excerpt":{"rendered":"Wczesnym poniedzia\u0142kowym rankiem na Rondzie Bankowym zderzy\u0142 si\u0119 samoch\u00f3d osobowy z busem. Kierowca osob\u00f3wki jecha\u0142 wewn\u0119trznym pasem i zasygnalizowa\u0142 zamiar zmiany pasa i \n<a class=\"moretag\" href=\"https:\/\/ostrowskatv.pl\/?p=18528\"> [...]<\/a>","protected":false},"author":1,"featured_media":18529,"comment_status":"open","ping_status":"closed","sticky":false,"template":"","format":"standard","meta":{"footnotes":""},"categories":[1],"tags":[212],"class_list":["post-18528","post","type-post","status-publish","format-standard","has-post-thumbnail","hentry","category-news","tag-rondo-bankowe"],"_links":{"self":[{"href":"https:\/\/ostrowskatv.pl\/index.php?rest_route=\/wp\/v2\/posts\/18528","targetHints":{"allow":["GET"]}}],"collection":[{"href":"https:\/\/ostrowskatv.pl\/index.php?rest_route=\/wp\/v2\/posts"}],"about":[{"href":"https:\/\/ostrowskatv.pl\/index.php?rest_route=\/wp\/v2\/types\/post"}],"author":[{"embeddable":true,"href":"https:\/\/ostrowskatv.pl\/index.php?rest_route=\/wp\/v2\/users\/1"}],"replies":[{"embeddable":true,"href":"https:\/\/ostrowskatv.pl\/index.php?rest_route=%2Fwp%2Fv2%2Fcomments&post=18528"}],"version-history":[{"count":0,"href":"https:\/\/ostrowskatv.pl\/index.php?rest_route=\/wp\/v2\/posts\/18528\/revisions"}],"wp:featuredmedia":[{"embeddable":true,"href":"https:\/\/ostrowskatv.pl\/index.php?rest_route=\/wp\/v2\/media\/18529"}],"wp:attachment":[{"href":"https:\/\/ostrowskatv.pl\/index.php?rest_route=%2Fwp%2Fv2%2Fmedia&parent=18528"}],"wp:term":[{"taxonomy":"category","embeddable":true,"href":"https:\/\/ostrowskatv.pl\/index.php?rest_route=%2Fwp%2Fv2%2Fcategories&post=18528"},{"taxonomy":"post_tag","embeddable":true,"href":"https:\/\/ostrowskatv.pl\/index.php?rest_route=%2Fwp%2Fv2%2Ftags&post=18528"}],"curies":[{"name":"wp","href":"https:\/\/api.w.org\/{rel}","templated":true}]}}