{"id":18393,"date":"2022-03-24T12:25:44","date_gmt":"2022-03-24T11:25:44","guid":{"rendered":"https:\/\/ostrowskatv.pl\/?p=18393"},"modified":"2022-03-24T12:25:44","modified_gmt":"2022-03-24T11:25:44","slug":"pozar-betoniarki","status":"publish","type":"post","link":"https:\/\/ostrowskatv.pl\/?p=18393","title":{"rendered":"Po\u017car betoniarki"},"content":{"rendered":"<p><strong>Tu\u017c po godzinie 12 dosz\u0142o do po\u017caru betoniarki. Do Biskupic O\u0142obockich na ulic\u0119 Ostrowsk\u0105 zadysponowano 3 zast\u0119py stra\u017cy po\u017carnej. Na miejscu pierwsza zjawi\u0142a si\u0119 miejscowa jednostka, kt\u00f3ra stwierdzi\u0142a, \u017ce kabina ci\u0119\u017car\u00f3wki jest obj\u0119ta p\u0142omieniami. <\/strong><\/p>\n<p>Ochotnikom uda\u0142o si\u0119 przed przyjazdem stra\u017cak\u00f3w z Ostrowa opanowa\u0107 sytuacj\u0119. Po wszystkim dojecha\u0142o tak\u017ce OSP ze Skalmierzyc. W zdarzeniu nikt nie ucierpia\u0142.<\/p>\n<p>Dwa zdj\u0119cia z po\u017caru nades\u0142a\u0142 pan Grzegorz:<\/p>\n<p><img loading=\"lazy\" decoding=\"async\" src=\"https:\/\/ostrowskatv.pl\/wp-content\/uploads\/2022\/03\/Biakupice3.jpg\" alt=\"\" width=\"1200\" height=\"1599\" class=\"alignnone size-full wp-image-18394\" srcset=\"https:\/\/ostrowskatv.pl\/wp-content\/uploads\/2022\/03\/Biakupice3.jpg 1200w, https:\/\/ostrowskatv.pl\/wp-content\/uploads\/2022\/03\/Biakupice3-225x300.jpg 225w, https:\/\/ostrowskatv.pl\/wp-content\/uploads\/2022\/03\/Biakupice3-270x360.jpg 270w, https:\/\/ostrowskatv.pl\/wp-content\/uploads\/2022\/03\/Biakupice3-1153x1536.jpg 1153w\" sizes=\"auto, (max-width: 1200px) 100vw, 1200px\" \/><\/p>\n<p><img loading=\"lazy\" decoding=\"async\" src=\"https:\/\/ostrowskatv.pl\/wp-content\/uploads\/2022\/03\/Biskupice2.jpeg\" alt=\"\" width=\"1224\" height=\"719\" class=\"alignnone size-full wp-image-18392\" srcset=\"https:\/\/ostrowskatv.pl\/wp-content\/uploads\/2022\/03\/Biskupice2.jpeg 1224w, https:\/\/ostrowskatv.pl\/wp-content\/uploads\/2022\/03\/Biskupice2-300x176.jpeg 300w, https:\/\/ostrowskatv.pl\/wp-content\/uploads\/2022\/03\/Biskupice2-613x360.jpeg 613w\" sizes=\"auto, (max-width: 1224px) 100vw, 1224px\" \/><\/p>\n<p><img loading=\"lazy\" decoding=\"async\" src=\"https:\/\/ostrowskatv.pl\/wp-content\/uploads\/2022\/03\/Biskupice.jpeg\" alt=\"\" width=\"506\" height=\"324\" class=\"alignnone size-full wp-image-18391\" srcset=\"https:\/\/ostrowskatv.pl\/wp-content\/uploads\/2022\/03\/Biskupice.jpeg 506w, https:\/\/ostrowskatv.pl\/wp-content\/uploads\/2022\/03\/Biskupice-300x192.jpeg 300w\" sizes=\"auto, (max-width: 506px) 100vw, 506px\" \/><\/p>\n","protected":false},"excerpt":{"rendered":"Tu\u017c po godzinie 12 dosz\u0142o do po\u017caru betoniarki. Do Biskupic O\u0142obockich na ulic\u0119 Ostrowsk\u0105 zadysponowano 3 zast\u0119py stra\u017cy po\u017carnej. Na miejscu pierwsza zjawi\u0142a \n<a class=\"moretag\" href=\"https:\/\/ostrowskatv.pl\/?p=18393\"> [...]<\/a>","protected":false},"author":1,"featured_media":18392,"comment_status":"open","ping_status":"closed","sticky":false,"template":"","format":"standard","meta":{"footnotes":""},"categories":[1],"tags":[7],"class_list":["post-18393","post","type-post","status-publish","format-standard","has-post-thumbnail","hentry","category-news","tag-pozar"],"_links":{"self":[{"href":"https:\/\/ostrowskatv.pl\/index.php?rest_route=\/wp\/v2\/posts\/18393","targetHints":{"allow":["GET"]}}],"collection":[{"href":"https:\/\/ostrowskatv.pl\/index.php?rest_route=\/wp\/v2\/posts"}],"about":[{"href":"https:\/\/ostrowskatv.pl\/index.php?rest_route=\/wp\/v2\/types\/post"}],"author":[{"embeddable":true,"href":"https:\/\/ostrowskatv.pl\/index.php?rest_route=\/wp\/v2\/users\/1"}],"replies":[{"embeddable":true,"href":"https:\/\/ostrowskatv.pl\/index.php?rest_route=%2Fwp%2Fv2%2Fcomments&post=18393"}],"version-history":[{"count":0,"href":"https:\/\/ostrowskatv.pl\/index.php?rest_route=\/wp\/v2\/posts\/18393\/revisions"}],"wp:featuredmedia":[{"embeddable":true,"href":"https:\/\/ostrowskatv.pl\/index.php?rest_route=\/wp\/v2\/media\/18392"}],"wp:attachment":[{"href":"https:\/\/ostrowskatv.pl\/index.php?rest_route=%2Fwp%2Fv2%2Fmedia&parent=18393"}],"wp:term":[{"taxonomy":"category","embeddable":true,"href":"https:\/\/ostrowskatv.pl\/index.php?rest_route=%2Fwp%2Fv2%2Fcategories&post=18393"},{"taxonomy":"post_tag","embeddable":true,"href":"https:\/\/ostrowskatv.pl\/index.php?rest_route=%2Fwp%2Fv2%2Ftags&post=18393"}],"curies":[{"name":"wp","href":"https:\/\/api.w.org\/{rel}","templated":true}]}}