{"id":18355,"date":"2022-03-23T07:55:25","date_gmt":"2022-03-23T06:55:25","guid":{"rendered":"https:\/\/ostrowskatv.pl\/?p=18355"},"modified":"2022-03-23T09:03:15","modified_gmt":"2022-03-23T08:03:15","slug":"zderzenie-bmw-z-policjantem-skomplikowane-okolicznosci-zdjecia","status":"publish","type":"post","link":"https:\/\/ostrowskatv.pl\/?p=18355","title":{"rendered":"Zderzenie BMW z policjantem. Skomplikowane okoliczno\u015bci (ZDJ\u0118CIA)"},"content":{"rendered":"<p><strong>Policjant jad\u0105cy do pracy na godzin\u0119 7 wzi\u0105\u0142 udzia\u0142 w powa\u017cnej kolizji kilkaset metr\u00f3w przed galeri\u0105 Ostrovia. Jad\u0105c od strony Czekanowa prawym pasem, na wysoko\u015bci wiaduktu, postanowi\u0142 zmieni\u0107 pas na lewy, poniewa\u017c zamierza\u0142 wyprzedzi\u0107 jad\u0105cy przed nim inny samoch\u00f3d. Kiedy pojawi\u0142 si\u0119 na lewym pasie, zosta\u0142 uderzony w ty\u0142 przez rozp\u0119dzone BMW. <\/strong><\/p>\n<p>Hyundai z policjantem i drug\u0105 osob\u0105 wjecha\u0142 w barier\u0119 energoch\u0142onn\u0105. BMW z rozbitym przodem zatrzyma\u0142o si\u0119 oko\u0142o 150 metr\u00f3w dalej. Kwesti\u0105 sporn\u0105 by\u0142o czy policjant zajecha\u0142 drog\u0119 BMW czy mo\u017ce to kierowca tego drugiego nie zachowa\u0142 odpowiedniej odleg\u0142o\u015bci. Osoby z hyundai`a oraz \u015bwiadek s\u0105 przekonani, \u017ce BMW mog\u0142o by\u0107 rozp\u0119dzone nawet 200 km\/h, ale m\u0142ody kierowca powiedzia\u0142, \u017ce a\u017c tyle to by si\u0119 nie zd\u0105\u017cy\u0142 rozp\u0119dzi\u0107.<\/p>\n<p>Na szcz\u0119\u015bcie obaj kierowcy mieli wideorejestratory i w razie w\u0105tpliwo\u015bci sytuacj\u0119 oceni bieg\u0142y w post\u0119powaniu s\u0105dowym. Na miejsce wezwano tak\u017ce stra\u017cak\u00f3w, kt\u00f3rzy zabezpieczyli miejsce zdarzenia oraz karetk\u0119 pogotowia, kt\u00f3rej lekarz zapyta\u0142 czy ktokolwiek potrzebuje pomocy medycznej. Ch\u0119tnych jednak nie by\u0142o.<\/p>\n<p><img loading=\"lazy\" decoding=\"async\" src=\"https:\/\/ostrowskatv.pl\/wp-content\/uploads\/2022\/03\/hyundai-01.jpeg\" alt=\"\" width=\"719\" height=\"838\" class=\"alignnone size-full wp-image-18368\" srcset=\"https:\/\/ostrowskatv.pl\/wp-content\/uploads\/2022\/03\/hyundai-01.jpeg 719w, https:\/\/ostrowskatv.pl\/wp-content\/uploads\/2022\/03\/hyundai-01-257x300.jpeg 257w, https:\/\/ostrowskatv.pl\/wp-content\/uploads\/2022\/03\/hyundai-01-309x360.jpeg 309w\" sizes=\"auto, (max-width: 719px) 100vw, 719px\" \/><\/p>\n<p><img loading=\"lazy\" decoding=\"async\" src=\"https:\/\/ostrowskatv.pl\/wp-content\/uploads\/2022\/03\/20220323_065938-01.jpeg\" alt=\"\" width=\"1365\" height=\"868\" class=\"alignnone size-full wp-image-18356\" srcset=\"https:\/\/ostrowskatv.pl\/wp-content\/uploads\/2022\/03\/20220323_065938-01.jpeg 1365w, https:\/\/ostrowskatv.pl\/wp-content\/uploads\/2022\/03\/20220323_065938-01-300x191.jpeg 300w, https:\/\/ostrowskatv.pl\/wp-content\/uploads\/2022\/03\/20220323_065938-01-566x360.jpeg 566w\" sizes=\"auto, (max-width: 1365px) 100vw, 1365px\" \/><\/p>\n<p><img loading=\"lazy\" decoding=\"async\" src=\"https:\/\/ostrowskatv.pl\/wp-content\/uploads\/2022\/03\/20220323_065946-01.jpeg\" alt=\"\" width=\"1366\" height=\"1016\" class=\"alignnone size-full wp-image-18357\" srcset=\"https:\/\/ostrowskatv.pl\/wp-content\/uploads\/2022\/03\/20220323_065946-01.jpeg 1366w, https:\/\/ostrowskatv.pl\/wp-content\/uploads\/2022\/03\/20220323_065946-01-300x223.jpeg 300w, https:\/\/ostrowskatv.pl\/wp-content\/uploads\/2022\/03\/20220323_065946-01-484x360.jpeg 484w\" sizes=\"auto, (max-width: 1366px) 100vw, 1366px\" \/><\/p>\n<p><img loading=\"lazy\" decoding=\"async\" src=\"https:\/\/ostrowskatv.pl\/wp-content\/uploads\/2022\/03\/20220323_070217-01.jpeg\" alt=\"\" width=\"1366\" height=\"1025\" class=\"alignnone size-full wp-image-18358\" srcset=\"https:\/\/ostrowskatv.pl\/wp-content\/uploads\/2022\/03\/20220323_070217-01.jpeg 1366w, https:\/\/ostrowskatv.pl\/wp-content\/uploads\/2022\/03\/20220323_070217-01-300x225.jpeg 300w, https:\/\/ostrowskatv.pl\/wp-content\/uploads\/2022\/03\/20220323_070217-01-480x360.jpeg 480w\" sizes=\"auto, (max-width: 1366px) 100vw, 1366px\" \/><\/p>\n<p><img loading=\"lazy\" decoding=\"async\" src=\"https:\/\/ostrowskatv.pl\/wp-content\/uploads\/2022\/03\/20220323_070220-01.jpeg\" alt=\"\" width=\"1366\" height=\"1025\" class=\"alignnone size-full wp-image-18359\" srcset=\"https:\/\/ostrowskatv.pl\/wp-content\/uploads\/2022\/03\/20220323_070220-01.jpeg 1366w, https:\/\/ostrowskatv.pl\/wp-content\/uploads\/2022\/03\/20220323_070220-01-300x225.jpeg 300w, https:\/\/ostrowskatv.pl\/wp-content\/uploads\/2022\/03\/20220323_070220-01-480x360.jpeg 480w\" sizes=\"auto, (max-width: 1366px) 100vw, 1366px\" \/><\/p>\n<p><img loading=\"lazy\" decoding=\"async\" src=\"https:\/\/ostrowskatv.pl\/wp-content\/uploads\/2022\/03\/20220323_070230-01.jpeg\" alt=\"\" width=\"1365\" height=\"804\" class=\"alignnone size-full wp-image-18360\" srcset=\"https:\/\/ostrowskatv.pl\/wp-content\/uploads\/2022\/03\/20220323_070230-01.jpeg 1365w, https:\/\/ostrowskatv.pl\/wp-content\/uploads\/2022\/03\/20220323_070230-01-300x177.jpeg 300w, https:\/\/ostrowskatv.pl\/wp-content\/uploads\/2022\/03\/20220323_070230-01-611x360.jpeg 611w\" sizes=\"auto, (max-width: 1365px) 100vw, 1365px\" \/><\/p>\n<p><img loading=\"lazy\" decoding=\"async\" src=\"https:\/\/ostrowskatv.pl\/wp-content\/uploads\/2022\/03\/20220323_070448-01.jpeg\" alt=\"\" width=\"1366\" height=\"1025\" class=\"alignnone size-full wp-image-18361\" srcset=\"https:\/\/ostrowskatv.pl\/wp-content\/uploads\/2022\/03\/20220323_070448-01.jpeg 1366w, https:\/\/ostrowskatv.pl\/wp-content\/uploads\/2022\/03\/20220323_070448-01-300x225.jpeg 300w, https:\/\/ostrowskatv.pl\/wp-content\/uploads\/2022\/03\/20220323_070448-01-480x360.jpeg 480w\" sizes=\"auto, (max-width: 1366px) 100vw, 1366px\" \/><\/p>\n<p><img loading=\"lazy\" decoding=\"async\" src=\"https:\/\/ostrowskatv.pl\/wp-content\/uploads\/2022\/03\/20220323_070456-01.jpeg\" alt=\"\" width=\"1366\" height=\"1025\" class=\"alignnone size-full wp-image-18362\" srcset=\"https:\/\/ostrowskatv.pl\/wp-content\/uploads\/2022\/03\/20220323_070456-01.jpeg 1366w, https:\/\/ostrowskatv.pl\/wp-content\/uploads\/2022\/03\/20220323_070456-01-300x225.jpeg 300w, https:\/\/ostrowskatv.pl\/wp-content\/uploads\/2022\/03\/20220323_070456-01-480x360.jpeg 480w\" sizes=\"auto, (max-width: 1366px) 100vw, 1366px\" \/><\/p>\n<p><img loading=\"lazy\" decoding=\"async\" src=\"https:\/\/ostrowskatv.pl\/wp-content\/uploads\/2022\/03\/20220323_070748-scaled.jpg\" alt=\"\" width=\"2560\" height=\"1920\" class=\"alignnone size-full wp-image-18363\" srcset=\"https:\/\/ostrowskatv.pl\/wp-content\/uploads\/2022\/03\/20220323_070748-scaled.jpg 2560w, https:\/\/ostrowskatv.pl\/wp-content\/uploads\/2022\/03\/20220323_070748-300x225.jpg 300w, https:\/\/ostrowskatv.pl\/wp-content\/uploads\/2022\/03\/20220323_070748-480x360.jpg 480w, https:\/\/ostrowskatv.pl\/wp-content\/uploads\/2022\/03\/20220323_070748-1536x1152.jpg 1536w, https:\/\/ostrowskatv.pl\/wp-content\/uploads\/2022\/03\/20220323_070748-2048x1536.jpg 2048w\" sizes=\"auto, (max-width: 2560px) 100vw, 2560px\" \/><\/p>\n<p><img loading=\"lazy\" decoding=\"async\" src=\"https:\/\/ostrowskatv.pl\/wp-content\/uploads\/2022\/03\/20220323_070854-scaled.jpg\" alt=\"\" width=\"2560\" height=\"1920\" class=\"alignnone size-full wp-image-18364\" srcset=\"https:\/\/ostrowskatv.pl\/wp-content\/uploads\/2022\/03\/20220323_070854-scaled.jpg 2560w, https:\/\/ostrowskatv.pl\/wp-content\/uploads\/2022\/03\/20220323_070854-300x225.jpg 300w, https:\/\/ostrowskatv.pl\/wp-content\/uploads\/2022\/03\/20220323_070854-480x360.jpg 480w, https:\/\/ostrowskatv.pl\/wp-content\/uploads\/2022\/03\/20220323_070854-1536x1152.jpg 1536w, https:\/\/ostrowskatv.pl\/wp-content\/uploads\/2022\/03\/20220323_070854-2048x1536.jpg 2048w\" sizes=\"auto, (max-width: 2560px) 100vw, 2560px\" \/><\/p>\n<p><img loading=\"lazy\" decoding=\"async\" src=\"https:\/\/ostrowskatv.pl\/wp-content\/uploads\/2022\/03\/20220323_070900-scaled.jpg\" alt=\"\" width=\"2560\" height=\"1920\" class=\"alignnone size-full wp-image-18365\" srcset=\"https:\/\/ostrowskatv.pl\/wp-content\/uploads\/2022\/03\/20220323_070900-scaled.jpg 2560w, https:\/\/ostrowskatv.pl\/wp-content\/uploads\/2022\/03\/20220323_070900-300x225.jpg 300w, https:\/\/ostrowskatv.pl\/wp-content\/uploads\/2022\/03\/20220323_070900-480x360.jpg 480w, https:\/\/ostrowskatv.pl\/wp-content\/uploads\/2022\/03\/20220323_070900-1536x1152.jpg 1536w, https:\/\/ostrowskatv.pl\/wp-content\/uploads\/2022\/03\/20220323_070900-2048x1536.jpg 2048w\" sizes=\"auto, (max-width: 2560px) 100vw, 2560px\" \/><\/p>\n","protected":false},"excerpt":{"rendered":"Policjant jad\u0105cy do pracy na godzin\u0119 7 wzi\u0105\u0142 udzia\u0142 w powa\u017cnej kolizji kilkaset metr\u00f3w przed galeri\u0105 Ostrovia. Jad\u0105c od strony Czekanowa prawym pasem, \n<a class=\"moretag\" href=\"https:\/\/ostrowskatv.pl\/?p=18355\"> [...]<\/a>","protected":false},"author":1,"featured_media":18363,"comment_status":"open","ping_status":"closed","sticky":false,"template":"","format":"standard","meta":{"footnotes":""},"categories":[1],"tags":[48],"class_list":["post-18355","post","type-post","status-publish","format-standard","has-post-thumbnail","hentry","category-news","tag-kolizja"],"_links":{"self":[{"href":"https:\/\/ostrowskatv.pl\/index.php?rest_route=\/wp\/v2\/posts\/18355","targetHints":{"allow":["GET"]}}],"collection":[{"href":"https:\/\/ostrowskatv.pl\/index.php?rest_route=\/wp\/v2\/posts"}],"about":[{"href":"https:\/\/ostrowskatv.pl\/index.php?rest_route=\/wp\/v2\/types\/post"}],"author":[{"embeddable":true,"href":"https:\/\/ostrowskatv.pl\/index.php?rest_route=\/wp\/v2\/users\/1"}],"replies":[{"embeddable":true,"href":"https:\/\/ostrowskatv.pl\/index.php?rest_route=%2Fwp%2Fv2%2Fcomments&post=18355"}],"version-history":[{"count":0,"href":"https:\/\/ostrowskatv.pl\/index.php?rest_route=\/wp\/v2\/posts\/18355\/revisions"}],"wp:featuredmedia":[{"embeddable":true,"href":"https:\/\/ostrowskatv.pl\/index.php?rest_route=\/wp\/v2\/media\/18363"}],"wp:attachment":[{"href":"https:\/\/ostrowskatv.pl\/index.php?rest_route=%2Fwp%2Fv2%2Fmedia&parent=18355"}],"wp:term":[{"taxonomy":"category","embeddable":true,"href":"https:\/\/ostrowskatv.pl\/index.php?rest_route=%2Fwp%2Fv2%2Fcategories&post=18355"},{"taxonomy":"post_tag","embeddable":true,"href":"https:\/\/ostrowskatv.pl\/index.php?rest_route=%2Fwp%2Fv2%2Ftags&post=18355"}],"curies":[{"name":"wp","href":"https:\/\/api.w.org\/{rel}","templated":true}]}}