{"id":18350,"date":"2022-03-21T07:05:06","date_gmt":"2022-03-21T06:05:06","guid":{"rendered":"https:\/\/ostrowskatv.pl\/?p=18350"},"modified":"2022-03-21T07:05:06","modified_gmt":"2022-03-21T06:05:06","slug":"sprawca-mial-17-promila-wypadek-w-czekanowie","status":"publish","type":"post","link":"https:\/\/ostrowskatv.pl\/?p=18350","title":{"rendered":"Sprawca mia\u0142 1,7 promila. Wypadek w Czekanowie"},"content":{"rendered":"<p><strong>W nocy z niedzieli na poniedzia\u0142ek dosz\u0142o do wypadku dw\u00f3ch aut osobowych. W Czekanowie na skrzy\u017cowaniu ulic Szkolnej i Kra\u0144cowej zderzy\u0142y si\u0119 fiat seicento oraz citroen C3.<\/strong><\/p>\n<p>Na miejsce wys\u0142ano policj\u0119, stra\u017c po\u017carn\u0105 oraz karetk\u0119 pogotowia ratunkowego. Wszystkie osoby porusza\u0142y si\u0119 o w\u0142asnych si\u0142ach, ale dwie osoby zakwalifikowano jako poszkodowane.<\/p>\n<p>Jeden z kierowc\u00f3w wydmucha\u0142 1.7 promila alkoholu.<\/p>\n<p><img loading=\"lazy\" decoding=\"async\" src=\"https:\/\/ostrowskatv.pl\/wp-content\/uploads\/2022\/03\/Auto3.jpeg\" alt=\"\" width=\"666\" height=\"391\" class=\"alignnone size-full wp-image-18353\" srcset=\"https:\/\/ostrowskatv.pl\/wp-content\/uploads\/2022\/03\/Auto3.jpeg 666w, https:\/\/ostrowskatv.pl\/wp-content\/uploads\/2022\/03\/Auto3-300x176.jpeg 300w, https:\/\/ostrowskatv.pl\/wp-content\/uploads\/2022\/03\/Auto3-613x360.jpeg 613w\" sizes=\"auto, (max-width: 666px) 100vw, 666px\" \/><\/p>\n<p><img loading=\"lazy\" decoding=\"async\" src=\"https:\/\/ostrowskatv.pl\/wp-content\/uploads\/2022\/03\/Auto2.jpeg\" alt=\"\" width=\"791\" height=\"604\" class=\"alignnone size-full wp-image-18352\" srcset=\"https:\/\/ostrowskatv.pl\/wp-content\/uploads\/2022\/03\/Auto2.jpeg 791w, https:\/\/ostrowskatv.pl\/wp-content\/uploads\/2022\/03\/Auto2-300x229.jpeg 300w, https:\/\/ostrowskatv.pl\/wp-content\/uploads\/2022\/03\/Auto2-471x360.jpeg 471w\" sizes=\"auto, (max-width: 791px) 100vw, 791px\" \/><\/p>\n<p><img loading=\"lazy\" decoding=\"async\" src=\"https:\/\/ostrowskatv.pl\/wp-content\/uploads\/2022\/03\/Auto1.jpeg\" alt=\"\" width=\"649\" height=\"393\" class=\"alignnone size-full wp-image-18351\" srcset=\"https:\/\/ostrowskatv.pl\/wp-content\/uploads\/2022\/03\/Auto1.jpeg 649w, https:\/\/ostrowskatv.pl\/wp-content\/uploads\/2022\/03\/Auto1-300x182.jpeg 300w, https:\/\/ostrowskatv.pl\/wp-content\/uploads\/2022\/03\/Auto1-595x360.jpeg 595w\" sizes=\"auto, (max-width: 649px) 100vw, 649px\" \/><\/p>\n","protected":false},"excerpt":{"rendered":"W nocy z niedzieli na poniedzia\u0142ek dosz\u0142o do wypadku dw\u00f3ch aut osobowych. W Czekanowie na skrzy\u017cowaniu ulic Szkolnej i Kra\u0144cowej zderzy\u0142y si\u0119 fiat \n<a class=\"moretag\" href=\"https:\/\/ostrowskatv.pl\/?p=18350\"> [...]<\/a>","protected":false},"author":1,"featured_media":18351,"comment_status":"open","ping_status":"closed","sticky":false,"template":"","format":"standard","meta":{"footnotes":""},"categories":[1],"tags":[98],"class_list":["post-18350","post","type-post","status-publish","format-standard","has-post-thumbnail","hentry","category-news","tag-czekanow"],"_links":{"self":[{"href":"https:\/\/ostrowskatv.pl\/index.php?rest_route=\/wp\/v2\/posts\/18350","targetHints":{"allow":["GET"]}}],"collection":[{"href":"https:\/\/ostrowskatv.pl\/index.php?rest_route=\/wp\/v2\/posts"}],"about":[{"href":"https:\/\/ostrowskatv.pl\/index.php?rest_route=\/wp\/v2\/types\/post"}],"author":[{"embeddable":true,"href":"https:\/\/ostrowskatv.pl\/index.php?rest_route=\/wp\/v2\/users\/1"}],"replies":[{"embeddable":true,"href":"https:\/\/ostrowskatv.pl\/index.php?rest_route=%2Fwp%2Fv2%2Fcomments&post=18350"}],"version-history":[{"count":0,"href":"https:\/\/ostrowskatv.pl\/index.php?rest_route=\/wp\/v2\/posts\/18350\/revisions"}],"wp:featuredmedia":[{"embeddable":true,"href":"https:\/\/ostrowskatv.pl\/index.php?rest_route=\/wp\/v2\/media\/18351"}],"wp:attachment":[{"href":"https:\/\/ostrowskatv.pl\/index.php?rest_route=%2Fwp%2Fv2%2Fmedia&parent=18350"}],"wp:term":[{"taxonomy":"category","embeddable":true,"href":"https:\/\/ostrowskatv.pl\/index.php?rest_route=%2Fwp%2Fv2%2Fcategories&post=18350"},{"taxonomy":"post_tag","embeddable":true,"href":"https:\/\/ostrowskatv.pl\/index.php?rest_route=%2Fwp%2Fv2%2Ftags&post=18350"}],"curies":[{"name":"wp","href":"https:\/\/api.w.org\/{rel}","templated":true}]}}