{"id":18343,"date":"2022-03-20T19:48:17","date_gmt":"2022-03-20T18:48:17","guid":{"rendered":"https:\/\/ostrowskatv.pl\/?p=18343"},"modified":"2022-03-20T19:48:17","modified_gmt":"2022-03-20T18:48:17","slug":"rowerem-zjechala-pod-samochod","status":"publish","type":"post","link":"https:\/\/ostrowskatv.pl\/?p=18343","title":{"rendered":"Rowerem zjecha\u0142a pod samoch\u00f3d"},"content":{"rendered":"<p><strong>W rejonie skrzy\u017cowania ulic Profesora Kaliny i Stra\u017cackiej w Ostrowie Wielkopolskim dosz\u0142o do wypadku z udzia\u0142em roweru i samochodu osobowego peugeot 107. Z relacji partnera kobiety jad\u0105cej samochodem wynika, \u017ce rowerzystka w wieku oko\u0142o 50-60 lat zjecha\u0142a z chodnika na jezdni\u0119 wprost pod auto. <\/strong><\/p>\n<p>Kobieta dozna\u0142a urazu g\u0142owy. Na czole wyszed\u0142 jej krwiak. Rowerzystk\u0119 odwieziono do szpitala.<\/p>\n<p><img loading=\"lazy\" decoding=\"async\" src=\"https:\/\/ostrowskatv.pl\/wp-content\/uploads\/2022\/03\/20220320_154119-01.jpeg\" alt=\"\" width=\"1366\" height=\"1025\" class=\"alignnone size-full wp-image-18344\" srcset=\"https:\/\/ostrowskatv.pl\/wp-content\/uploads\/2022\/03\/20220320_154119-01.jpeg 1366w, https:\/\/ostrowskatv.pl\/wp-content\/uploads\/2022\/03\/20220320_154119-01-300x225.jpeg 300w, https:\/\/ostrowskatv.pl\/wp-content\/uploads\/2022\/03\/20220320_154119-01-480x360.jpeg 480w\" sizes=\"auto, (max-width: 1366px) 100vw, 1366px\" \/><\/p>\n<p><img loading=\"lazy\" decoding=\"async\" src=\"https:\/\/ostrowskatv.pl\/wp-content\/uploads\/2022\/03\/20220320_154305-01.jpeg\" alt=\"\" width=\"1366\" height=\"1123\" class=\"alignnone size-full wp-image-18345\" srcset=\"https:\/\/ostrowskatv.pl\/wp-content\/uploads\/2022\/03\/20220320_154305-01.jpeg 1366w, https:\/\/ostrowskatv.pl\/wp-content\/uploads\/2022\/03\/20220320_154305-01-300x247.jpeg 300w, https:\/\/ostrowskatv.pl\/wp-content\/uploads\/2022\/03\/20220320_154305-01-438x360.jpeg 438w\" sizes=\"auto, (max-width: 1366px) 100vw, 1366px\" \/><\/p>\n<p><img loading=\"lazy\" decoding=\"async\" src=\"https:\/\/ostrowskatv.pl\/wp-content\/uploads\/2022\/03\/20220320_154325-01.jpeg\" alt=\"\" width=\"1366\" height=\"1025\" class=\"alignnone size-full wp-image-18346\" srcset=\"https:\/\/ostrowskatv.pl\/wp-content\/uploads\/2022\/03\/20220320_154325-01.jpeg 1366w, https:\/\/ostrowskatv.pl\/wp-content\/uploads\/2022\/03\/20220320_154325-01-300x225.jpeg 300w, https:\/\/ostrowskatv.pl\/wp-content\/uploads\/2022\/03\/20220320_154325-01-480x360.jpeg 480w\" sizes=\"auto, (max-width: 1366px) 100vw, 1366px\" \/><\/p>\n<p><img loading=\"lazy\" decoding=\"async\" src=\"https:\/\/ostrowskatv.pl\/wp-content\/uploads\/2022\/03\/20220320_154358-01.jpeg\" alt=\"\" width=\"1366\" height=\"1025\" class=\"alignnone size-full wp-image-18347\" srcset=\"https:\/\/ostrowskatv.pl\/wp-content\/uploads\/2022\/03\/20220320_154358-01.jpeg 1366w, https:\/\/ostrowskatv.pl\/wp-content\/uploads\/2022\/03\/20220320_154358-01-300x225.jpeg 300w, https:\/\/ostrowskatv.pl\/wp-content\/uploads\/2022\/03\/20220320_154358-01-480x360.jpeg 480w\" sizes=\"auto, (max-width: 1366px) 100vw, 1366px\" \/><\/p>\n<p><img loading=\"lazy\" decoding=\"async\" src=\"https:\/\/ostrowskatv.pl\/wp-content\/uploads\/2022\/03\/20220320_154415-01.jpeg\" alt=\"\" width=\"1366\" height=\"847\" class=\"alignnone size-full wp-image-18348\" srcset=\"https:\/\/ostrowskatv.pl\/wp-content\/uploads\/2022\/03\/20220320_154415-01.jpeg 1366w, https:\/\/ostrowskatv.pl\/wp-content\/uploads\/2022\/03\/20220320_154415-01-300x186.jpeg 300w, https:\/\/ostrowskatv.pl\/wp-content\/uploads\/2022\/03\/20220320_154415-01-581x360.jpeg 581w\" sizes=\"auto, (max-width: 1366px) 100vw, 1366px\" \/><\/p>\n","protected":false},"excerpt":{"rendered":"W rejonie skrzy\u017cowania ulic Profesora Kaliny i Stra\u017cackiej w Ostrowie Wielkopolskim dosz\u0142o do wypadku z udzia\u0142em roweru i samochodu osobowego peugeot 107. Z \n<a class=\"moretag\" href=\"https:\/\/ostrowskatv.pl\/?p=18343\"> [...]<\/a>","protected":false},"author":1,"featured_media":18345,"comment_status":"open","ping_status":"closed","sticky":false,"template":"","format":"standard","meta":{"footnotes":""},"categories":[1],"tags":[11],"class_list":["post-18343","post","type-post","status-publish","format-standard","has-post-thumbnail","hentry","category-news","tag-wypadek"],"_links":{"self":[{"href":"https:\/\/ostrowskatv.pl\/index.php?rest_route=\/wp\/v2\/posts\/18343","targetHints":{"allow":["GET"]}}],"collection":[{"href":"https:\/\/ostrowskatv.pl\/index.php?rest_route=\/wp\/v2\/posts"}],"about":[{"href":"https:\/\/ostrowskatv.pl\/index.php?rest_route=\/wp\/v2\/types\/post"}],"author":[{"embeddable":true,"href":"https:\/\/ostrowskatv.pl\/index.php?rest_route=\/wp\/v2\/users\/1"}],"replies":[{"embeddable":true,"href":"https:\/\/ostrowskatv.pl\/index.php?rest_route=%2Fwp%2Fv2%2Fcomments&post=18343"}],"version-history":[{"count":0,"href":"https:\/\/ostrowskatv.pl\/index.php?rest_route=\/wp\/v2\/posts\/18343\/revisions"}],"wp:featuredmedia":[{"embeddable":true,"href":"https:\/\/ostrowskatv.pl\/index.php?rest_route=\/wp\/v2\/media\/18345"}],"wp:attachment":[{"href":"https:\/\/ostrowskatv.pl\/index.php?rest_route=%2Fwp%2Fv2%2Fmedia&parent=18343"}],"wp:term":[{"taxonomy":"category","embeddable":true,"href":"https:\/\/ostrowskatv.pl\/index.php?rest_route=%2Fwp%2Fv2%2Fcategories&post=18343"},{"taxonomy":"post_tag","embeddable":true,"href":"https:\/\/ostrowskatv.pl\/index.php?rest_route=%2Fwp%2Fv2%2Ftags&post=18343"}],"curies":[{"name":"wp","href":"https:\/\/api.w.org\/{rel}","templated":true}]}}