{"id":18293,"date":"2022-03-19T18:30:56","date_gmt":"2022-03-19T17:30:56","guid":{"rendered":"https:\/\/ostrowskatv.pl\/?p=18293"},"modified":"2022-03-19T18:30:56","modified_gmt":"2022-03-19T17:30:56","slug":"posel-dal-stowke-potrzebujacemu","status":"publish","type":"post","link":"https:\/\/ostrowskatv.pl\/?p=18293","title":{"rendered":"Pose\u0142 da\u0142 &#8222;st\u00f3wk\u0119&#8221; potrzebuj\u0105cemu"},"content":{"rendered":"<p><strong>W Ostrowie Wielkopolskim odby\u0142o si\u0119 spotkanie z pos\u0142em Konfederacji Arturem Dziamborem. Pierwotnie mia\u0142o odby\u0107 si\u0119 w nKlubie, ale dyrektor Cezary Janiszewski zmieni\u0142 zdanie i wypowiedzia\u0142 umow\u0119. Ostatecznie odby\u0142o si\u0119 w restauracji przy ulicy Wolno\u015bci. W spotkaniu uczestniczy\u0142o oko\u0142o 40 os\u00f3b. <\/strong><\/p>\n<p>Na pocz\u0105tku pose\u0142 Artur Dziambor zreferowa\u0142 ostatnie tygodnie funkcjonowania Konfederacji. Opowiedzia\u0142 o blokadzie, kt\u00f3r\u0105 wobec tego ugrupowania zorganizowali przedstawiciele mainstreamowych medi\u00f3w, a to z powodu niekt\u00f3rych teorii g\u0142oszonych w kontek\u015bcie wojny w Ukrainie. Powodem by\u0142 temat konferencji: &#8222;Pomoc tak, przywileje nie&#8221;. W dalszej cz\u0119\u015bci przybli\u017cy\u0142 wdra\u017canie ustawy Polski \u0141ad, przypominaj\u0105c, \u017ce ustawa licz\u0105ca niemal 700 stron zosta\u0142a przekazana opozycyjnym pos\u0142om dzie\u0144 wcze\u015bniej, a na drugi dzie\u0144 udzielono im tylko trzech minut na odniesienie si\u0119 do niej. Dziambor m\u00f3wi\u0142, \u017ce wi\u0119kszo\u015b\u0107 pos\u0142\u00f3w nie wie za czym g\u0142osuje, na co dowodem by\u0142o przepchni\u0119cie zapisu obni\u017caj\u0105cego uposa\u017cenie poselskie o tysi\u0105c z\u0142otych.<\/p>\n<p>Dalek przedstawiciel Konfederacji m\u00f3wi\u0142, \u017ce finansowanie &#8222;przedsi\u0119wzi\u0119cia z Uchod\u017acami&#8221; generuje du\u017ce koszty, przez co wzro\u015bnie inflacja, a z\u0142ot\u00f3wka zostanie os\u0142abiona. Powsta\u0142y problemy na rynku pracy, poniewa\u017c np. w bran\u017cy transportowej 1\/3 kierowc\u00f3w to obywatele Ukrainy, kt\u00f3rzy pojechali walczy\u0107 o sw\u00f3j kraj. Podobny problem jest w bran\u017cy budowlanej.<\/p>\n<p>Zarzuci\u0142 rz\u0105dz\u0105cym, \u017ce swoj\u0105 pomoc ograniczyli tylko do 1200 z\u0142 na Uchod\u017ac\u0119, a problemy sp\u0142yn\u0119\u0142y na samorz\u0105dy.<\/p>\n<p>Stwierdzi\u0142, \u017ce ignorowanie przez mainstreamowe media przypominaj\u0105 pocz\u0105tek pandemii. Powiedzia\u0142, \u017ce po czasie okaza\u0142o si\u0119, \u017ce to pos\u0142owie Konfederacji mieli racj\u0119.<\/p>\n<p>Artur Dziambor odchodz\u0105c z dwoma innymi pos\u0142ami z partii KORWiN zadeklarowa\u0142, \u017ce b\u0119d\u0105 skupia\u0107 si\u0119 na sprawach gospodarczych. Te do niedawna by\u0142y niepopularne w Polsce. Jeszcze 4 lata temu ponad po\u0142owa Polak\u00f3w by\u0142a przekonana, \u017ce nie p\u0142aci podatku VAT, a 21% twierdzi\u0142a, \u017ce nie p\u0142aci \u017cadnych podatk\u00f3w, ani PIT-u, ani CIT-u, ani nawet VAT-u. Nowej nazwy partii jeszcze nie zdradzi\u0142, bo jest w trakcie rejestracji. Ubolewa\u0142, \u017ce kiedy\u015b musia\u0142 p\u00f3\u0142 wywiadu t\u0142umaczy\u0107 si\u0119 z cudzych s\u0142\u00f3w (wypowiedzi Janusza Korwin-Mikkego).<\/p>\n<p>Dziambor podejrzewa, \u017ce wojna wkr\u00f3tce si\u0119 sko\u0144czy, bo obie strony Rosja i Ukraina s\u0105 bliskie osi\u0105gni\u0119cia kompromisu. Cz\u0119\u015bci\u0105 fina\u0142u wojny ma by\u0107 wizyta prezydenta USA Bidena.<br \/>\nW cz\u0119\u015bci, w kt\u00f3rej zgromadzeni mogli zadawa\u0107 pytania, jeden z m\u0119\u017cczyzn najpierw przybli\u017cy\u0142 informacje, kt\u00f3re pojawi\u0142y si\u0119 w internecie, \u017ce obywatele Ukrainy dokonywali rocznie 2 milion\u00f3w aborcji. W kolejnym w\u0105tku przeszed\u0142 do bezdomnych.<\/p>\n<blockquote><p>&#8222;W Polsce jest 30 tysi\u0119cy bezdomnych. Cz\u0119sto widz\u0119 ich jak chodz\u0105 po mie\u015bcie. Nikt ich nie zaprasza na parafie, do dom\u00f3w. Przebywaj\u0105 w pustostanach. Mam pana, kt\u00f3ry kontaktowa\u0142 si\u0119 z pani\u0105 prezydent, z pani\u0105 minister Mal\u0105g, z biskupem kaliskim, bo ma problemy mieszkaniowe i nikt si\u0119 nie odezwa\u0142. Mo\u017ce taki konkret, mo\u017ce by pan 100 z\u0142otych przekaza\u0142 jako pose\u0142 dla tego pana. On by do ko\u0144ca \u017cycia m\u00f3wi\u0142, \u017ce nikt mu nie da\u0142, prezydent, minister, biskup, a Dziambor mu da\u0142. Ostatnio za\u0142atwi\u0142em mu mieszkanie i nie dostaje 1200 z\u0142otych.&#8221;<\/p><\/blockquote>\n<p>W tym momencie pose\u0142 Dziambor wskaza\u0142 na siedz\u0105c\u0105 na ko\u0144cu sali \u017con\u0119, kt\u00f3ra przekaza\u0142a &#8222;st\u00f3wk\u0119&#8221; m\u0119\u017cczy\u017anie, kt\u00f3ry zadeklarowa\u0142 si\u0119 przekaza\u0107 j\u0105 potrzebuj\u0105cemu. Zgromadzeni na sali zacz\u0119li klaska\u0107.<\/p>\n<p>Po spotkaniu pose\u0142 pojecha\u0142 na spotkanie do Kalisza. Wczoraj by\u0142 w Lesznie.<\/p>\n<p><img loading=\"lazy\" decoding=\"async\" class=\"alignnone size-full wp-image-18291\" src=\"https:\/\/ostrowskatv.pl\/wp-content\/uploads\/2022\/03\/20220319_162757-01.jpeg\" alt=\"\" width=\"1366\" height=\"1025\" srcset=\"https:\/\/ostrowskatv.pl\/wp-content\/uploads\/2022\/03\/20220319_162757-01.jpeg 1366w, https:\/\/ostrowskatv.pl\/wp-content\/uploads\/2022\/03\/20220319_162757-01-300x225.jpeg 300w, https:\/\/ostrowskatv.pl\/wp-content\/uploads\/2022\/03\/20220319_162757-01-480x360.jpeg 480w\" sizes=\"auto, (max-width: 1366px) 100vw, 1366px\" \/><\/p>\n<p><img loading=\"lazy\" decoding=\"async\" class=\"alignnone size-full wp-image-18290\" src=\"https:\/\/ostrowskatv.pl\/wp-content\/uploads\/2022\/03\/20220319_162754-01.jpeg\" alt=\"\" width=\"1366\" height=\"1025\" srcset=\"https:\/\/ostrowskatv.pl\/wp-content\/uploads\/2022\/03\/20220319_162754-01.jpeg 1366w, https:\/\/ostrowskatv.pl\/wp-content\/uploads\/2022\/03\/20220319_162754-01-300x225.jpeg 300w, https:\/\/ostrowskatv.pl\/wp-content\/uploads\/2022\/03\/20220319_162754-01-480x360.jpeg 480w\" sizes=\"auto, (max-width: 1366px) 100vw, 1366px\" \/><\/p>\n<p><img loading=\"lazy\" decoding=\"async\" class=\"alignnone size-full wp-image-18289\" src=\"https:\/\/ostrowskatv.pl\/wp-content\/uploads\/2022\/03\/20220319_162744-01.jpeg\" alt=\"\" width=\"1366\" height=\"771\" srcset=\"https:\/\/ostrowskatv.pl\/wp-content\/uploads\/2022\/03\/20220319_162744-01.jpeg 1366w, https:\/\/ostrowskatv.pl\/wp-content\/uploads\/2022\/03\/20220319_162744-01-300x169.jpeg 300w, https:\/\/ostrowskatv.pl\/wp-content\/uploads\/2022\/03\/20220319_162744-01-638x360.jpeg 638w, https:\/\/ostrowskatv.pl\/wp-content\/uploads\/2022\/03\/20220319_162744-01-388x220.jpeg 388w\" sizes=\"auto, (max-width: 1366px) 100vw, 1366px\" \/><\/p>\n<p><img loading=\"lazy\" decoding=\"async\" class=\"alignnone size-full wp-image-18288\" src=\"https:\/\/ostrowskatv.pl\/wp-content\/uploads\/2022\/03\/20220319_154417-01.jpeg\" alt=\"\" width=\"1366\" height=\"832\" srcset=\"https:\/\/ostrowskatv.pl\/wp-content\/uploads\/2022\/03\/20220319_154417-01.jpeg 1366w, https:\/\/ostrowskatv.pl\/wp-content\/uploads\/2022\/03\/20220319_154417-01-300x183.jpeg 300w, https:\/\/ostrowskatv.pl\/wp-content\/uploads\/2022\/03\/20220319_154417-01-591x360.jpeg 591w\" sizes=\"auto, (max-width: 1366px) 100vw, 1366px\" \/><\/p>\n<p><img loading=\"lazy\" decoding=\"async\" class=\"alignnone size-full wp-image-18287\" src=\"https:\/\/ostrowskatv.pl\/wp-content\/uploads\/2022\/03\/20220319_160740-01.jpeg\" alt=\"\" width=\"1366\" height=\"902\" srcset=\"https:\/\/ostrowskatv.pl\/wp-content\/uploads\/2022\/03\/20220319_160740-01.jpeg 1366w, https:\/\/ostrowskatv.pl\/wp-content\/uploads\/2022\/03\/20220319_160740-01-300x198.jpeg 300w, https:\/\/ostrowskatv.pl\/wp-content\/uploads\/2022\/03\/20220319_160740-01-545x360.jpeg 545w\" sizes=\"auto, (max-width: 1366px) 100vw, 1366px\" \/><\/p>\n<p><img loading=\"lazy\" decoding=\"async\" class=\"alignnone size-full wp-image-18286\" src=\"https:\/\/ostrowskatv.pl\/wp-content\/uploads\/2022\/03\/20220319_155306-01.jpeg\" alt=\"\" width=\"1366\" height=\"1025\" srcset=\"https:\/\/ostrowskatv.pl\/wp-content\/uploads\/2022\/03\/20220319_155306-01.jpeg 1366w, https:\/\/ostrowskatv.pl\/wp-content\/uploads\/2022\/03\/20220319_155306-01-300x225.jpeg 300w, https:\/\/ostrowskatv.pl\/wp-content\/uploads\/2022\/03\/20220319_155306-01-480x360.jpeg 480w\" sizes=\"auto, (max-width: 1366px) 100vw, 1366px\" \/><\/p>\n<p><img loading=\"lazy\" decoding=\"async\" class=\"alignnone size-full wp-image-18284\" src=\"https:\/\/ostrowskatv.pl\/wp-content\/uploads\/2022\/03\/20220319_163040-01.jpeg\" alt=\"\" width=\"1366\" height=\"890\" srcset=\"https:\/\/ostrowskatv.pl\/wp-content\/uploads\/2022\/03\/20220319_163040-01.jpeg 1366w, https:\/\/ostrowskatv.pl\/wp-content\/uploads\/2022\/03\/20220319_163040-01-300x195.jpeg 300w, https:\/\/ostrowskatv.pl\/wp-content\/uploads\/2022\/03\/20220319_163040-01-553x360.jpeg 553w\" sizes=\"auto, (max-width: 1366px) 100vw, 1366px\" \/><\/p>\n<p><img loading=\"lazy\" decoding=\"async\" class=\"alignnone size-full wp-image-18285\" src=\"https:\/\/ostrowskatv.pl\/wp-content\/uploads\/2022\/03\/20220319_154444-01.jpeg\" alt=\"\" width=\"1366\" height=\"783\" srcset=\"https:\/\/ostrowskatv.pl\/wp-content\/uploads\/2022\/03\/20220319_154444-01.jpeg 1366w, https:\/\/ostrowskatv.pl\/wp-content\/uploads\/2022\/03\/20220319_154444-01-300x172.jpeg 300w, https:\/\/ostrowskatv.pl\/wp-content\/uploads\/2022\/03\/20220319_154444-01-628x360.jpeg 628w\" sizes=\"auto, (max-width: 1366px) 100vw, 1366px\" \/><\/p>\n<p><img loading=\"lazy\" decoding=\"async\" class=\"alignnone size-full wp-image-18283\" src=\"https:\/\/ostrowskatv.pl\/wp-content\/uploads\/2022\/03\/20220319_163039-01.jpeg\" alt=\"\" width=\"1366\" height=\"883\" srcset=\"https:\/\/ostrowskatv.pl\/wp-content\/uploads\/2022\/03\/20220319_163039-01.jpeg 1366w, https:\/\/ostrowskatv.pl\/wp-content\/uploads\/2022\/03\/20220319_163039-01-300x194.jpeg 300w, https:\/\/ostrowskatv.pl\/wp-content\/uploads\/2022\/03\/20220319_163039-01-557x360.jpeg 557w\" sizes=\"auto, (max-width: 1366px) 100vw, 1366px\" \/><\/p>\n<figure id=\"attachment_18282\" aria-describedby=\"caption-attachment-18282\" style=\"width: 1365px\" class=\"wp-caption alignnone\"><img loading=\"lazy\" decoding=\"async\" class=\"wp-image-18282 size-full\" src=\"https:\/\/ostrowskatv.pl\/wp-content\/uploads\/2022\/03\/20220319_164238-01.jpeg\" alt=\"\u017cona - pose\u0142 artur Dziambor\" width=\"1365\" height=\"877\" srcset=\"https:\/\/ostrowskatv.pl\/wp-content\/uploads\/2022\/03\/20220319_164238-01.jpeg 1365w, https:\/\/ostrowskatv.pl\/wp-content\/uploads\/2022\/03\/20220319_164238-01-300x193.jpeg 300w, https:\/\/ostrowskatv.pl\/wp-content\/uploads\/2022\/03\/20220319_164238-01-560x360.jpeg 560w\" sizes=\"auto, (max-width: 1365px) 100vw, 1365px\" \/><figcaption id=\"caption-attachment-18282\" class=\"wp-caption-text\">\u017cona pos\u0142a Artura Dziambora<\/figcaption><\/figure>\n<figure id=\"attachment_18281\" aria-describedby=\"caption-attachment-18281\" style=\"width: 1366px\" class=\"wp-caption alignnone\"><img loading=\"lazy\" decoding=\"async\" class=\"wp-image-18281 size-full\" src=\"https:\/\/ostrowskatv.pl\/wp-content\/uploads\/2022\/03\/20220319_164217-01.jpeg\" alt=\"\" width=\"1366\" height=\"1025\" srcset=\"https:\/\/ostrowskatv.pl\/wp-content\/uploads\/2022\/03\/20220319_164217-01.jpeg 1366w, https:\/\/ostrowskatv.pl\/wp-content\/uploads\/2022\/03\/20220319_164217-01-300x225.jpeg 300w, https:\/\/ostrowskatv.pl\/wp-content\/uploads\/2022\/03\/20220319_164217-01-480x360.jpeg 480w\" sizes=\"auto, (max-width: 1366px) 100vw, 1366px\" \/><figcaption id=\"caption-attachment-18281\" class=\"wp-caption-text\">M\u0119\u017cczyzna po prawej stronie wzi\u0105\u0142 100 z\u0142otych i zadeklarowa\u0142 przeznaczy\u0107 potrzebuj\u0105cemu<\/figcaption><\/figure>\n","protected":false},"excerpt":{"rendered":"W Ostrowie Wielkopolskim odby\u0142o si\u0119 spotkanie z pos\u0142em Konfederacji Arturem Dziamborem. Pierwotnie mia\u0142o odby\u0107 si\u0119 w nKlubie, ale dyrektor Cezary Janiszewski zmieni\u0142 zdanie \n<a class=\"moretag\" href=\"https:\/\/ostrowskatv.pl\/?p=18293\"> [...]<\/a>","protected":false},"author":1,"featured_media":18296,"comment_status":"open","ping_status":"closed","sticky":false,"template":"","format":"standard","meta":{"footnotes":""},"categories":[1],"tags":[24],"class_list":["post-18293","post","type-post","status-publish","format-standard","has-post-thumbnail","hentry","category-news","tag-polityka"],"_links":{"self":[{"href":"https:\/\/ostrowskatv.pl\/index.php?rest_route=\/wp\/v2\/posts\/18293","targetHints":{"allow":["GET"]}}],"collection":[{"href":"https:\/\/ostrowskatv.pl\/index.php?rest_route=\/wp\/v2\/posts"}],"about":[{"href":"https:\/\/ostrowskatv.pl\/index.php?rest_route=\/wp\/v2\/types\/post"}],"author":[{"embeddable":true,"href":"https:\/\/ostrowskatv.pl\/index.php?rest_route=\/wp\/v2\/users\/1"}],"replies":[{"embeddable":true,"href":"https:\/\/ostrowskatv.pl\/index.php?rest_route=%2Fwp%2Fv2%2Fcomments&post=18293"}],"version-history":[{"count":0,"href":"https:\/\/ostrowskatv.pl\/index.php?rest_route=\/wp\/v2\/posts\/18293\/revisions"}],"wp:featuredmedia":[{"embeddable":true,"href":"https:\/\/ostrowskatv.pl\/index.php?rest_route=\/wp\/v2\/media\/18296"}],"wp:attachment":[{"href":"https:\/\/ostrowskatv.pl\/index.php?rest_route=%2Fwp%2Fv2%2Fmedia&parent=18293"}],"wp:term":[{"taxonomy":"category","embeddable":true,"href":"https:\/\/ostrowskatv.pl\/index.php?rest_route=%2Fwp%2Fv2%2Fcategories&post=18293"},{"taxonomy":"post_tag","embeddable":true,"href":"https:\/\/ostrowskatv.pl\/index.php?rest_route=%2Fwp%2Fv2%2Ftags&post=18293"}],"curies":[{"name":"wp","href":"https:\/\/api.w.org\/{rel}","templated":true}]}}