{"id":18275,"date":"2022-03-19T08:06:54","date_gmt":"2022-03-19T07:06:54","guid":{"rendered":"https:\/\/ostrowskatv.pl\/?p=18275"},"modified":"2022-03-19T08:22:53","modified_gmt":"2022-03-19T07:22:53","slug":"nagla-smierc-na-ulicy","status":"publish","type":"post","link":"https:\/\/ostrowskatv.pl\/?p=18275","title":{"rendered":"Nag\u0142a \u015bmier\u0107 na ulicy"},"content":{"rendered":"<p><strong>Sobotni poranek rozpocz\u0105\u0142 si\u0119 od dramatycznej walki o \u017cycie m\u0119\u017cczyzny, kt\u00f3ry b\u0119d\u0105c na ulicy Mostowej w Czekanowie zas\u0142ab\u0142. Wed\u0142ug nieoficjalnych \u015bwiadkowie wezwali pogotowie ratunkowe. Pomimo podj\u0119tej reanimacji nie uda\u0142o si\u0119 przywr\u00f3ci\u0107 jego czynno\u015bci \u017cyciowych. <\/strong><\/p>\n<p>O nag\u0142ej \u015bmierci w miejscu publicznym poinformowano policj\u0119, kt\u00f3ra prowadzi czynno\u015bci. M\u0119\u017cczyzna mia\u0142 56 lat. <\/p>\n<p><img loading=\"lazy\" decoding=\"async\" src=\"https:\/\/ostrowskatv.pl\/wp-content\/uploads\/2022\/03\/20220319_075954-01.jpeg\" alt=\"\" width=\"1366\" height=\"845\" class=\"alignnone size-full wp-image-18276\" srcset=\"https:\/\/ostrowskatv.pl\/wp-content\/uploads\/2022\/03\/20220319_075954-01.jpeg 1366w, https:\/\/ostrowskatv.pl\/wp-content\/uploads\/2022\/03\/20220319_075954-01-300x186.jpeg 300w, https:\/\/ostrowskatv.pl\/wp-content\/uploads\/2022\/03\/20220319_075954-01-582x360.jpeg 582w\" sizes=\"auto, (max-width: 1366px) 100vw, 1366px\" \/><\/p>\n<p><img loading=\"lazy\" decoding=\"async\" src=\"https:\/\/ostrowskatv.pl\/wp-content\/uploads\/2022\/03\/20220319_074754-01.jpeg\" alt=\"\" width=\"1366\" height=\"835\" class=\"alignnone size-full wp-image-18277\" srcset=\"https:\/\/ostrowskatv.pl\/wp-content\/uploads\/2022\/03\/20220319_074754-01.jpeg 1366w, https:\/\/ostrowskatv.pl\/wp-content\/uploads\/2022\/03\/20220319_074754-01-300x183.jpeg 300w, https:\/\/ostrowskatv.pl\/wp-content\/uploads\/2022\/03\/20220319_074754-01-589x360.jpeg 589w\" sizes=\"auto, (max-width: 1366px) 100vw, 1366px\" \/><\/p>\n","protected":false},"excerpt":{"rendered":"Sobotni poranek rozpocz\u0105\u0142 si\u0119 od dramatycznej walki o \u017cycie m\u0119\u017cczyzny, kt\u00f3ry b\u0119d\u0105c na ulicy Mostowej w Czekanowie zas\u0142ab\u0142. Wed\u0142ug nieoficjalnych \u015bwiadkowie wezwali pogotowie \n<a class=\"moretag\" href=\"https:\/\/ostrowskatv.pl\/?p=18275\"> [...]<\/a>","protected":false},"author":1,"featured_media":18277,"comment_status":"open","ping_status":"closed","sticky":false,"template":"","format":"standard","meta":{"footnotes":""},"categories":[1],"tags":[98],"class_list":["post-18275","post","type-post","status-publish","format-standard","has-post-thumbnail","hentry","category-news","tag-czekanow"],"_links":{"self":[{"href":"https:\/\/ostrowskatv.pl\/index.php?rest_route=\/wp\/v2\/posts\/18275","targetHints":{"allow":["GET"]}}],"collection":[{"href":"https:\/\/ostrowskatv.pl\/index.php?rest_route=\/wp\/v2\/posts"}],"about":[{"href":"https:\/\/ostrowskatv.pl\/index.php?rest_route=\/wp\/v2\/types\/post"}],"author":[{"embeddable":true,"href":"https:\/\/ostrowskatv.pl\/index.php?rest_route=\/wp\/v2\/users\/1"}],"replies":[{"embeddable":true,"href":"https:\/\/ostrowskatv.pl\/index.php?rest_route=%2Fwp%2Fv2%2Fcomments&post=18275"}],"version-history":[{"count":0,"href":"https:\/\/ostrowskatv.pl\/index.php?rest_route=\/wp\/v2\/posts\/18275\/revisions"}],"wp:featuredmedia":[{"embeddable":true,"href":"https:\/\/ostrowskatv.pl\/index.php?rest_route=\/wp\/v2\/media\/18277"}],"wp:attachment":[{"href":"https:\/\/ostrowskatv.pl\/index.php?rest_route=%2Fwp%2Fv2%2Fmedia&parent=18275"}],"wp:term":[{"taxonomy":"category","embeddable":true,"href":"https:\/\/ostrowskatv.pl\/index.php?rest_route=%2Fwp%2Fv2%2Fcategories&post=18275"},{"taxonomy":"post_tag","embeddable":true,"href":"https:\/\/ostrowskatv.pl\/index.php?rest_route=%2Fwp%2Fv2%2Ftags&post=18275"}],"curies":[{"name":"wp","href":"https:\/\/api.w.org\/{rel}","templated":true}]}}