{"id":18214,"date":"2022-03-08T11:50:17","date_gmt":"2022-03-08T10:50:17","guid":{"rendered":"https:\/\/ostrowskatv.pl\/?p=18214"},"modified":"2022-03-08T11:50:17","modified_gmt":"2022-03-08T10:50:17","slug":"ukradli-strazakom-slupki","status":"publish","type":"post","link":"https:\/\/ostrowskatv.pl\/?p=18214","title":{"rendered":"Ukradli stra\u017cakom s\u0142upki"},"content":{"rendered":"<p><strong>Prawie miesi\u0105c temu dosz\u0142o do bulwersuj\u0105cego incydentu. Nieznany sprawca ukrad\u0142 stra\u017cakom 3 s\u0142upki s\u0142u\u017c\u0105ce do oznacza wyznaczonego terenu. Do dzi\u015b ich nie odnaleziono.<\/strong><\/p>\n<p>Przy wiadukcie krotoszy\u0144skim mia\u0142 miejsce wypadek, w kt\u00f3rym bra\u0142a udzia\u0142 m. in<br \/>\nm\u0142odzie\u017c jad\u0105ca autem na minuty. Stra\u017cacy po dotarciu na miejsce postawili trzy pacho\u0142ki informuj\u0105ce kierowc\u00f3w o zablokowanych pasach ruchu. Kiedy prowadzili swoje dzia\u0142ania bezpo\u015brednio przy uszkodzonych autach kto\u015b wykorzysta\u0142 nieuwag\u0119 i ukrad\u0142 3 s\u0142upki. Poniewa\u017c przez miesi\u0105c nikogo nie ruszy\u0142o sumienie postanowili\u015bmy to nag\u0142o\u015bni\u0107. <\/p>\n<p>Mo\u017ce zauwa\u017cyli\u015bcie u znajomego, \u017ce zdoby\u0142 takie s\u0142upki albo wiecie gdzie zosta\u0142y porzucone.<\/p>\n<p><img loading=\"lazy\" decoding=\"async\" src=\"https:\/\/ostrowskatv.pl\/wp-content\/uploads\/2022\/03\/20220307_172041-02.jpeg\" alt=\"\" width=\"1025\" height=\"1366\" class=\"alignnone size-full wp-image-18215\" srcset=\"https:\/\/ostrowskatv.pl\/wp-content\/uploads\/2022\/03\/20220307_172041-02.jpeg 1025w, https:\/\/ostrowskatv.pl\/wp-content\/uploads\/2022\/03\/20220307_172041-02-225x300.jpeg 225w, https:\/\/ostrowskatv.pl\/wp-content\/uploads\/2022\/03\/20220307_172041-02-270x360.jpeg 270w\" sizes=\"auto, (max-width: 1025px) 100vw, 1025px\" \/><\/p>\n","protected":false},"excerpt":{"rendered":"Prawie miesi\u0105c temu dosz\u0142o do bulwersuj\u0105cego incydentu. Nieznany sprawca ukrad\u0142 stra\u017cakom 3 s\u0142upki s\u0142u\u017c\u0105ce do oznacza wyznaczonego terenu. Do dzi\u015b ich nie odnaleziono. \n<a class=\"moretag\" href=\"https:\/\/ostrowskatv.pl\/?p=18214\"> [...]<\/a>","protected":false},"author":1,"featured_media":18216,"comment_status":"open","ping_status":"closed","sticky":false,"template":"","format":"standard","meta":{"footnotes":""},"categories":[1],"tags":[2],"class_list":["post-18214","post","type-post","status-publish","format-standard","has-post-thumbnail","hentry","category-news","tag-ostrow-wielkopolski"],"_links":{"self":[{"href":"https:\/\/ostrowskatv.pl\/index.php?rest_route=\/wp\/v2\/posts\/18214","targetHints":{"allow":["GET"]}}],"collection":[{"href":"https:\/\/ostrowskatv.pl\/index.php?rest_route=\/wp\/v2\/posts"}],"about":[{"href":"https:\/\/ostrowskatv.pl\/index.php?rest_route=\/wp\/v2\/types\/post"}],"author":[{"embeddable":true,"href":"https:\/\/ostrowskatv.pl\/index.php?rest_route=\/wp\/v2\/users\/1"}],"replies":[{"embeddable":true,"href":"https:\/\/ostrowskatv.pl\/index.php?rest_route=%2Fwp%2Fv2%2Fcomments&post=18214"}],"version-history":[{"count":0,"href":"https:\/\/ostrowskatv.pl\/index.php?rest_route=\/wp\/v2\/posts\/18214\/revisions"}],"wp:featuredmedia":[{"embeddable":true,"href":"https:\/\/ostrowskatv.pl\/index.php?rest_route=\/wp\/v2\/media\/18216"}],"wp:attachment":[{"href":"https:\/\/ostrowskatv.pl\/index.php?rest_route=%2Fwp%2Fv2%2Fmedia&parent=18214"}],"wp:term":[{"taxonomy":"category","embeddable":true,"href":"https:\/\/ostrowskatv.pl\/index.php?rest_route=%2Fwp%2Fv2%2Fcategories&post=18214"},{"taxonomy":"post_tag","embeddable":true,"href":"https:\/\/ostrowskatv.pl\/index.php?rest_route=%2Fwp%2Fv2%2Ftags&post=18214"}],"curies":[{"name":"wp","href":"https:\/\/api.w.org\/{rel}","templated":true}]}}