{"id":18212,"date":"2022-03-07T17:46:03","date_gmt":"2022-03-07T16:46:03","guid":{"rendered":"https:\/\/ostrowskatv.pl\/?p=18212"},"modified":"2022-03-07T17:46:03","modified_gmt":"2022-03-07T16:46:03","slug":"myslal-ze-zdazy-bmw-skasowalo-volvo","status":"publish","type":"post","link":"https:\/\/ostrowskatv.pl\/?p=18212","title":{"rendered":"My\u015bla\u0142, \u017ce zd\u0105\u017cy. BMW skasowa\u0142o Volvo"},"content":{"rendered":"<p><strong>Na skrzy\u017cowaniu alei S\u0142owackiego i Wa\u0144kowicza dosz\u0142o do zderzenia BMW oraz Volvo. Po godzinie 17 kierowca Volvo skr\u0119ca\u0142 w lewo w ulic\u0119 Wa\u0144kowicza. My\u015bla\u0142, \u017ce zd\u0105\u017cy przejecha\u0107 przed BMW, ale jak wida\u0107 na poni\u017cszych zdj\u0119ciach przeliczy\u0142 si\u0119. SUV uderzy\u0142 w prawy bok osob\u00f3wki ze szwedzkim rodowodem. Szcz\u0119\u015bliwie nikt nie ucierpia\u0142.<\/strong><\/p>\n<p>Kierowca BMW jecha\u0142 alej\u0105 S\u0142owackiego w stron\u0119 ulicy Dworcowej. Samoch\u00f3d by\u0142 kupiony p\u00f3\u0142 roku temu. Natomiast volvo zosta\u0142o wczoraj odebrane od mechanika. Oba musia\u0142y odjecha\u0107 na lawetach. Do zdarzenia wys\u0142ano stra\u017c po\u017carn\u0105, kt\u00f3ra zneutralizowa\u0142a wycieki i pozosta\u0142o\u015bci po kolizji.<\/p>\n<p><img loading=\"lazy\" decoding=\"async\" src=\"https:\/\/ostrowskatv.pl\/wp-content\/uploads\/2022\/03\/20220307_165346-01.jpeg\" alt=\"\" width=\"1366\" height=\"1025\" class=\"alignnone size-full wp-image-18211\" srcset=\"https:\/\/ostrowskatv.pl\/wp-content\/uploads\/2022\/03\/20220307_165346-01.jpeg 1366w, https:\/\/ostrowskatv.pl\/wp-content\/uploads\/2022\/03\/20220307_165346-01-300x225.jpeg 300w, https:\/\/ostrowskatv.pl\/wp-content\/uploads\/2022\/03\/20220307_165346-01-480x360.jpeg 480w\" sizes=\"auto, (max-width: 1366px) 100vw, 1366px\" \/><\/p>\n<p><img loading=\"lazy\" decoding=\"async\" src=\"https:\/\/ostrowskatv.pl\/wp-content\/uploads\/2022\/03\/20220307_165204-01.jpeg\" alt=\"\" width=\"1366\" height=\"885\" class=\"alignnone size-full wp-image-18209\" srcset=\"https:\/\/ostrowskatv.pl\/wp-content\/uploads\/2022\/03\/20220307_165204-01.jpeg 1366w, https:\/\/ostrowskatv.pl\/wp-content\/uploads\/2022\/03\/20220307_165204-01-300x194.jpeg 300w, https:\/\/ostrowskatv.pl\/wp-content\/uploads\/2022\/03\/20220307_165204-01-556x360.jpeg 556w\" sizes=\"auto, (max-width: 1366px) 100vw, 1366px\" \/><\/p>\n<p><img loading=\"lazy\" decoding=\"async\" src=\"https:\/\/ostrowskatv.pl\/wp-content\/uploads\/2022\/03\/20220307_165200-01.jpeg\" alt=\"\" width=\"1366\" height=\"644\" class=\"alignnone size-full wp-image-18210\" srcset=\"https:\/\/ostrowskatv.pl\/wp-content\/uploads\/2022\/03\/20220307_165200-01.jpeg 1366w, https:\/\/ostrowskatv.pl\/wp-content\/uploads\/2022\/03\/20220307_165200-01-300x141.jpeg 300w, https:\/\/ostrowskatv.pl\/wp-content\/uploads\/2022\/03\/20220307_165200-01-640x302.jpeg 640w\" sizes=\"auto, (max-width: 1366px) 100vw, 1366px\" \/><\/p>\n<p><img loading=\"lazy\" decoding=\"async\" src=\"https:\/\/ostrowskatv.pl\/wp-content\/uploads\/2022\/03\/20220307_165208-01.jpeg\" alt=\"\" width=\"1366\" height=\"1056\" class=\"alignnone size-full wp-image-18208\" srcset=\"https:\/\/ostrowskatv.pl\/wp-content\/uploads\/2022\/03\/20220307_165208-01.jpeg 1366w, https:\/\/ostrowskatv.pl\/wp-content\/uploads\/2022\/03\/20220307_165208-01-300x232.jpeg 300w, https:\/\/ostrowskatv.pl\/wp-content\/uploads\/2022\/03\/20220307_165208-01-466x360.jpeg 466w\" sizes=\"auto, (max-width: 1366px) 100vw, 1366px\" \/><\/p>\n<p><img loading=\"lazy\" decoding=\"async\" src=\"https:\/\/ostrowskatv.pl\/wp-content\/uploads\/2022\/03\/20220307_165720-01.jpeg\" alt=\"\" width=\"1366\" height=\"1025\" class=\"alignnone size-full wp-image-18207\" srcset=\"https:\/\/ostrowskatv.pl\/wp-content\/uploads\/2022\/03\/20220307_165720-01.jpeg 1366w, https:\/\/ostrowskatv.pl\/wp-content\/uploads\/2022\/03\/20220307_165720-01-300x225.jpeg 300w, https:\/\/ostrowskatv.pl\/wp-content\/uploads\/2022\/03\/20220307_165720-01-480x360.jpeg 480w\" sizes=\"auto, (max-width: 1366px) 100vw, 1366px\" \/><\/p>\n<p><img loading=\"lazy\" decoding=\"async\" src=\"https:\/\/ostrowskatv.pl\/wp-content\/uploads\/2022\/03\/20220307_165724-01.jpeg\" alt=\"\" width=\"1366\" height=\"1047\" class=\"alignnone size-full wp-image-18206\" srcset=\"https:\/\/ostrowskatv.pl\/wp-content\/uploads\/2022\/03\/20220307_165724-01.jpeg 1366w, https:\/\/ostrowskatv.pl\/wp-content\/uploads\/2022\/03\/20220307_165724-01-300x230.jpeg 300w, https:\/\/ostrowskatv.pl\/wp-content\/uploads\/2022\/03\/20220307_165724-01-470x360.jpeg 470w\" sizes=\"auto, (max-width: 1366px) 100vw, 1366px\" \/><\/p>\n<p><img loading=\"lazy\" decoding=\"async\" src=\"https:\/\/ostrowskatv.pl\/wp-content\/uploads\/2022\/03\/20220307_170830-01.jpeg\" alt=\"\" width=\"1366\" height=\"887\" class=\"alignnone size-full wp-image-18205\" srcset=\"https:\/\/ostrowskatv.pl\/wp-content\/uploads\/2022\/03\/20220307_170830-01.jpeg 1366w, https:\/\/ostrowskatv.pl\/wp-content\/uploads\/2022\/03\/20220307_170830-01-300x195.jpeg 300w, https:\/\/ostrowskatv.pl\/wp-content\/uploads\/2022\/03\/20220307_170830-01-554x360.jpeg 554w\" sizes=\"auto, (max-width: 1366px) 100vw, 1366px\" \/><\/p>\n<p><img loading=\"lazy\" decoding=\"async\" src=\"https:\/\/ostrowskatv.pl\/wp-content\/uploads\/2022\/03\/20220307_170949-01.jpeg\" alt=\"\" width=\"1025\" height=\"1366\" class=\"alignnone size-full wp-image-18204\" srcset=\"https:\/\/ostrowskatv.pl\/wp-content\/uploads\/2022\/03\/20220307_170949-01.jpeg 1025w, https:\/\/ostrowskatv.pl\/wp-content\/uploads\/2022\/03\/20220307_170949-01-225x300.jpeg 225w, https:\/\/ostrowskatv.pl\/wp-content\/uploads\/2022\/03\/20220307_170949-01-270x360.jpeg 270w\" sizes=\"auto, (max-width: 1025px) 100vw, 1025px\" \/><\/p>\n<p><img loading=\"lazy\" decoding=\"async\" src=\"https:\/\/ostrowskatv.pl\/wp-content\/uploads\/2022\/03\/20220307_170953-01.jpeg\" alt=\"\" width=\"1366\" height=\"1025\" class=\"alignnone size-full wp-image-18203\" srcset=\"https:\/\/ostrowskatv.pl\/wp-content\/uploads\/2022\/03\/20220307_170953-01.jpeg 1366w, https:\/\/ostrowskatv.pl\/wp-content\/uploads\/2022\/03\/20220307_170953-01-300x225.jpeg 300w, https:\/\/ostrowskatv.pl\/wp-content\/uploads\/2022\/03\/20220307_170953-01-480x360.jpeg 480w\" sizes=\"auto, (max-width: 1366px) 100vw, 1366px\" \/><\/p>\n<p><img loading=\"lazy\" decoding=\"async\" src=\"https:\/\/ostrowskatv.pl\/wp-content\/uploads\/2022\/03\/policja.jpeg\" alt=\"\" width=\"1366\" height=\"1025\" class=\"alignnone size-full wp-image-18202\" srcset=\"https:\/\/ostrowskatv.pl\/wp-content\/uploads\/2022\/03\/policja.jpeg 1366w, https:\/\/ostrowskatv.pl\/wp-content\/uploads\/2022\/03\/policja-300x225.jpeg 300w, https:\/\/ostrowskatv.pl\/wp-content\/uploads\/2022\/03\/policja-480x360.jpeg 480w\" sizes=\"auto, (max-width: 1366px) 100vw, 1366px\" \/><\/p>\n","protected":false},"excerpt":{"rendered":"Na skrzy\u017cowaniu alei S\u0142owackiego i Wa\u0144kowicza dosz\u0142o do zderzenia BMW oraz Volvo. Po godzinie 17 kierowca Volvo skr\u0119ca\u0142 w lewo w ulic\u0119 Wa\u0144kowicza. \n<a class=\"moretag\" href=\"https:\/\/ostrowskatv.pl\/?p=18212\"> [...]<\/a>","protected":false},"author":1,"featured_media":18206,"comment_status":"open","ping_status":"closed","sticky":false,"template":"","format":"standard","meta":{"footnotes":""},"categories":[1],"tags":[2],"class_list":["post-18212","post","type-post","status-publish","format-standard","has-post-thumbnail","hentry","category-news","tag-ostrow-wielkopolski"],"_links":{"self":[{"href":"https:\/\/ostrowskatv.pl\/index.php?rest_route=\/wp\/v2\/posts\/18212","targetHints":{"allow":["GET"]}}],"collection":[{"href":"https:\/\/ostrowskatv.pl\/index.php?rest_route=\/wp\/v2\/posts"}],"about":[{"href":"https:\/\/ostrowskatv.pl\/index.php?rest_route=\/wp\/v2\/types\/post"}],"author":[{"embeddable":true,"href":"https:\/\/ostrowskatv.pl\/index.php?rest_route=\/wp\/v2\/users\/1"}],"replies":[{"embeddable":true,"href":"https:\/\/ostrowskatv.pl\/index.php?rest_route=%2Fwp%2Fv2%2Fcomments&post=18212"}],"version-history":[{"count":0,"href":"https:\/\/ostrowskatv.pl\/index.php?rest_route=\/wp\/v2\/posts\/18212\/revisions"}],"wp:featuredmedia":[{"embeddable":true,"href":"https:\/\/ostrowskatv.pl\/index.php?rest_route=\/wp\/v2\/media\/18206"}],"wp:attachment":[{"href":"https:\/\/ostrowskatv.pl\/index.php?rest_route=%2Fwp%2Fv2%2Fmedia&parent=18212"}],"wp:term":[{"taxonomy":"category","embeddable":true,"href":"https:\/\/ostrowskatv.pl\/index.php?rest_route=%2Fwp%2Fv2%2Fcategories&post=18212"},{"taxonomy":"post_tag","embeddable":true,"href":"https:\/\/ostrowskatv.pl\/index.php?rest_route=%2Fwp%2Fv2%2Ftags&post=18212"}],"curies":[{"name":"wp","href":"https:\/\/api.w.org\/{rel}","templated":true}]}}