{"id":1819,"date":"2016-07-14T16:57:29","date_gmt":"2016-07-14T15:57:29","guid":{"rendered":"http:\/\/ostrowska.tv\/?p=1819"},"modified":"2016-07-14T17:34:10","modified_gmt":"2016-07-14T16:34:10","slug":"zaparkowal-konia-pod-blokiem-na-mertki","status":"publish","type":"post","link":"https:\/\/ostrowskatv.pl\/?p=1819","title":{"rendered":"Zaparkowa\u0142 konia pod blokiem na Mertki"},"content":{"rendered":"<p><strong>27-letni mieszkaniec Ostrowa Wlkp. zaparkowa\u0142 swojego konia na ul. Mertki w Ostrowie Wlkp. To niecodzienne zdarzenie mia\u0142o miejsce na najwi\u0119kszym osiedlu blok\u00f3w w czwartkowe przedpo\u0142udnie. Wielu mieszka\u0144c\u00f3w by\u0142o zdegustowanych widokiem mokn\u0105cego konia. Gdy w\u0142a\u015bciciel oddali\u0142 z osiedla prowadz\u0105c konia, uda\u0142o si\u0119 go namierzy\u0107 we Wt\u00f3rku na jednej z posesji. Tam stwierdzono, \u017ce ko\u0144 ma tylko jedn\u0105 podkow\u0119. Ponadto musia\u0142 sta\u0107 ponad godzin\u0119 w sadzie przy jednej z posesji w oczekiwaniu na innego mieszka\u0144ca, kt\u00f3ry zadeklarowa\u0142 zapewnienie schronienia dla konia. Na miejscu interweniowa\u0142a policja, kt\u00f3ra do ko\u0144ca nie znalaz\u0142a podstaw by doprowadzi\u0107 do odebrania zwierz\u0119cia za czym postulowa\u0142y mi\u0142o\u015bniczki koni.<\/strong><\/p>\n<p>Na ich oczekiwania wp\u0142yn\u0119\u0142y wydarzenia, kt\u00f3re mia\u0142y miejsca poprzedniej nocy. Wtedy ten sam ko\u0144 uciek\u0142 w\u0142a\u015bcicielowi i zosta\u0142 dopiero z\u0142apany na ul. Witosa. Na miejsce r\u00f3wnie\u017c podjecha\u0142 radiow\u00f3z policji, ale w\u0142a\u015bciciel zapewnia\u0142, \u017ce ma ju\u017c pe\u0142n\u0105 kontrol\u0119 nad koniem. Po kilkudziesi\u0119ciu minutach widziano m\u0119\u017cczyzn\u0119 z koniem chodz\u0105cego po ogr\u00f3dkach dzia\u0142kowych przy ul. Strzeleckiej.<\/p>\n<p>Jak uda\u0142o si\u0119 wyczyta\u0107 na profilu konia na Facebooku, w\u0142a\u015bciciel zwierz\u0119cia podejrzewa szereg os\u00f3b o zachowania maj\u0105ce szkodzi\u0107 jego koniowi. W\u015br\u00f3d zarzut\u00f3w mo\u017cna wyczyta\u0107, i\u017c kto\u015b mia\u0142 je\u017adzi\u0107 koniem i tym samym doprowadzi\u0107 do kontuzji. M\u0119\u017cczyzna opowiada\u0142 i\u017c nieznani sprawcy obrzucali jego konia&#8230; muchami. Na wszystko rzekomo ma nagrania pochodz\u0105ce z fotopu\u0142apek, jednak mimo zapowiedzi ich nie opublikowa\u0142.<\/p>\n<p>Co najgorsze, mi\u0142o\u015bnicy koni przekonuj\u0105 i\u017c ten m\u0119\u017cczyzna pok\u0142\u00f3ci\u0142 si\u0119 z wieloma, \u017ceby nie powiedzie\u0107 wszystkimi, w\u0142a\u015bcicielami stajni i st\u0105d brak schronienia dla jego konia.<\/p>\n<div id='gallery-1' class='gallery galleryid-1819 gallery-columns-3 gallery-size-thumbnail'><figure class='gallery-item'>\n\t\t\t<div class='gallery-icon landscape'>\n\t\t\t\t<a href='https:\/\/ostrowskatv.pl\/?attachment_id=1820'><img loading=\"lazy\" decoding=\"async\" width=\"150\" height=\"150\" src=\"https:\/\/ostrowskatv.pl\/wp-content\/uploads\/2016\/07\/kon-blok3-150x150.jpg\" class=\"attachment-thumbnail size-thumbnail\" alt=\"\" \/><\/a>\n\t\t\t<\/div><\/figure><figure class='gallery-item'>\n\t\t\t<div class='gallery-icon portrait'>\n\t\t\t\t<a href='https:\/\/ostrowskatv.pl\/?attachment_id=1824'><img loading=\"lazy\" decoding=\"async\" width=\"150\" height=\"150\" src=\"https:\/\/ostrowskatv.pl\/wp-content\/uploads\/2016\/07\/kon-wlasciciel-150x150.jpg\" class=\"attachment-thumbnail size-thumbnail\" alt=\"\" \/><\/a>\n\t\t\t<\/div><\/figure><figure class='gallery-item'>\n\t\t\t<div class='gallery-icon portrait'>\n\t\t\t\t<a href='https:\/\/ostrowskatv.pl\/?attachment_id=1823'><img loading=\"lazy\" decoding=\"async\" width=\"150\" height=\"150\" src=\"https:\/\/ostrowskatv.pl\/wp-content\/uploads\/2016\/07\/kon-blok2-150x150.jpg\" class=\"attachment-thumbnail size-thumbnail\" alt=\"\" \/><\/a>\n\t\t\t<\/div><\/figure><figure class='gallery-item'>\n\t\t\t<div class='gallery-icon portrait'>\n\t\t\t\t<a href='https:\/\/ostrowskatv.pl\/?attachment_id=1822'><img loading=\"lazy\" decoding=\"async\" width=\"150\" height=\"150\" src=\"https:\/\/ostrowskatv.pl\/wp-content\/uploads\/2016\/07\/kon-blok1-150x150.jpg\" class=\"attachment-thumbnail size-thumbnail\" alt=\"\" \/><\/a>\n\t\t\t<\/div><\/figure><figure class='gallery-item'>\n\t\t\t<div class='gallery-icon portrait'>\n\t\t\t\t<a href='https:\/\/ostrowskatv.pl\/?attachment_id=1821'><img loading=\"lazy\" decoding=\"async\" width=\"150\" height=\"150\" src=\"https:\/\/ostrowskatv.pl\/wp-content\/uploads\/2016\/07\/kon-blok4-150x150.jpg\" class=\"attachment-thumbnail size-thumbnail\" alt=\"\" \/><\/a>\n\t\t\t<\/div><\/figure>\n\t\t<\/div>\n\n<p>&nbsp;<\/p>\n","protected":false},"excerpt":{"rendered":"27-letni mieszkaniec Ostrowa Wlkp. zaparkowa\u0142 swojego konia na ul. Mertki w Ostrowie Wlkp. To niecodzienne zdarzenie mia\u0142o miejsce na najwi\u0119kszym osiedlu blok\u00f3w w \n<a class=\"moretag\" href=\"https:\/\/ostrowskatv.pl\/?p=1819\"> [...]<\/a>","protected":false},"author":1,"featured_media":1821,"comment_status":"open","ping_status":"open","sticky":false,"template":"","format":"standard","meta":{"footnotes":""},"categories":[1],"tags":[2],"class_list":["post-1819","post","type-post","status-publish","format-standard","has-post-thumbnail","hentry","category-news","tag-ostrow-wielkopolski"],"_links":{"self":[{"href":"https:\/\/ostrowskatv.pl\/index.php?rest_route=\/wp\/v2\/posts\/1819","targetHints":{"allow":["GET"]}}],"collection":[{"href":"https:\/\/ostrowskatv.pl\/index.php?rest_route=\/wp\/v2\/posts"}],"about":[{"href":"https:\/\/ostrowskatv.pl\/index.php?rest_route=\/wp\/v2\/types\/post"}],"author":[{"embeddable":true,"href":"https:\/\/ostrowskatv.pl\/index.php?rest_route=\/wp\/v2\/users\/1"}],"replies":[{"embeddable":true,"href":"https:\/\/ostrowskatv.pl\/index.php?rest_route=%2Fwp%2Fv2%2Fcomments&post=1819"}],"version-history":[{"count":0,"href":"https:\/\/ostrowskatv.pl\/index.php?rest_route=\/wp\/v2\/posts\/1819\/revisions"}],"wp:featuredmedia":[{"embeddable":true,"href":"https:\/\/ostrowskatv.pl\/index.php?rest_route=\/wp\/v2\/media\/1821"}],"wp:attachment":[{"href":"https:\/\/ostrowskatv.pl\/index.php?rest_route=%2Fwp%2Fv2%2Fmedia&parent=1819"}],"wp:term":[{"taxonomy":"category","embeddable":true,"href":"https:\/\/ostrowskatv.pl\/index.php?rest_route=%2Fwp%2Fv2%2Fcategories&post=1819"},{"taxonomy":"post_tag","embeddable":true,"href":"https:\/\/ostrowskatv.pl\/index.php?rest_route=%2Fwp%2Fv2%2Ftags&post=1819"}],"curies":[{"name":"wp","href":"https:\/\/api.w.org\/{rel}","templated":true}]}}