{"id":18148,"date":"2022-03-03T21:59:05","date_gmt":"2022-03-03T20:59:05","guid":{"rendered":"https:\/\/ostrowskatv.pl\/?p=18148"},"modified":"2022-03-03T22:08:58","modified_gmt":"2022-03-03T21:08:58","slug":"nie-zatrzymal-sie-do-kontroli-zalowal-drugi-uciekl-bmw","status":"publish","type":"post","link":"https:\/\/ostrowskatv.pl\/?p=18148","title":{"rendered":"Nie zatrzyma\u0142 si\u0119 do kontroli. \u017ba\u0142owa\u0142. Drugi uciek\u0142 BMW"},"content":{"rendered":"<p><strong>Oko\u0142o 40-letni m\u0119\u017cczyzna jecha\u0142 alej\u0105 S\u0142owackiego w Ostrowie Wielkopolskim. Na wysoko\u015bci szpitala patrol drog\u00f3wki zmierzy\u0142 pr\u0119dko\u015b\u0107 74 km\/h na dozwolonych 50. Kierowca mercedesa omin\u0105\u0142 zatrzymuj\u0105c\u0105 go policjantk\u0119 i pojecha\u0142 w boczne uliczki. Funkcjonariusze dogonili go busem na ulicy Reymonta przy skrzy\u017cowaniu z ulic\u0105 Prusa.<\/strong><\/p>\n<p>M\u0119\u017cczyzna \u017ca\u0142owa\u0142, \u017ce nie zatrzyma\u0142 si\u0119. Wed\u0142ug obecnie obowi\u0105zuj\u0105cych przepis\u00f3w odpowie nie tylko za pope\u0142nione wykroczenie zwi\u0105zane z pr\u0119dko\u015bci\u0105, ale nie zatrzymuj\u0105c si\u0119 pope\u0142ni\u0142 przest\u0119pstwo.<\/p>\n<p>Kilkadziesi\u0105t minut p\u00f3\u017aniej przy castoramie inny kierowca, tym razem BMW pr\u00f3bowa\u0142 kr\u0119ci\u0107 b\u0105czki. Zauwa\u017cy\u0142 go inny patrol ostrowskiej drog\u00f3wki i pr\u00f3bowa\u0142 zatrzyma\u0107. Kierowca zacz\u0105\u0142 ucieka\u0107 ulic\u0105 Wylotow\u0105, a p\u00f3\u017aniej S11 w kierunku Antonina. Tam zawr\u00f3ci\u0142 i p\u0119dzi\u0142 na Pozna\u0144. Zjecha\u0142 na Smardowskie Ol\u0119dry i tu policjanci stracili go z oczu. Samoch\u00f3d mia\u0142 brytyjskie numery rejestracyjne. By\u0142o to BMW e39 w kolorze srebrnym na brytyjskich numerach rejestracyjnych. Jak si\u0119 po chwili okaza\u0142o samoch\u00f3d porzuci\u0142 na ulicy Olszynowej.<\/p>\n<p>(zdj\u0119cie pogl\u0105dowe)<br \/>\n<img loading=\"lazy\" decoding=\"async\" src=\"https:\/\/ostrowskatv.pl\/wp-content\/uploads\/2022\/03\/bmw_poscig.jpg\" alt=\"\" width=\"520\" height=\"360\" class=\"alignnone size-full wp-image-18160\" srcset=\"https:\/\/ostrowskatv.pl\/wp-content\/uploads\/2022\/03\/bmw_poscig.jpg 520w, https:\/\/ostrowskatv.pl\/wp-content\/uploads\/2022\/03\/bmw_poscig-300x208.jpg 300w\" sizes=\"auto, (max-width: 520px) 100vw, 520px\" \/><\/p>\n<p><img loading=\"lazy\" decoding=\"async\" src=\"https:\/\/ostrowskatv.pl\/wp-content\/uploads\/2022\/03\/20220303_211434-01.jpeg\" alt=\"\" width=\"1366\" height=\"1025\" class=\"alignnone size-full wp-image-18149\" srcset=\"https:\/\/ostrowskatv.pl\/wp-content\/uploads\/2022\/03\/20220303_211434-01.jpeg 1366w, https:\/\/ostrowskatv.pl\/wp-content\/uploads\/2022\/03\/20220303_211434-01-300x225.jpeg 300w, https:\/\/ostrowskatv.pl\/wp-content\/uploads\/2022\/03\/20220303_211434-01-480x360.jpeg 480w\" sizes=\"auto, (max-width: 1366px) 100vw, 1366px\" \/><\/p>\n<p><img loading=\"lazy\" decoding=\"async\" src=\"https:\/\/ostrowskatv.pl\/wp-content\/uploads\/2022\/03\/20220303_211511-01.jpeg\" alt=\"\" width=\"1366\" height=\"1025\" class=\"alignnone size-full wp-image-18150\" srcset=\"https:\/\/ostrowskatv.pl\/wp-content\/uploads\/2022\/03\/20220303_211511-01.jpeg 1366w, https:\/\/ostrowskatv.pl\/wp-content\/uploads\/2022\/03\/20220303_211511-01-300x225.jpeg 300w, https:\/\/ostrowskatv.pl\/wp-content\/uploads\/2022\/03\/20220303_211511-01-480x360.jpeg 480w\" sizes=\"auto, (max-width: 1366px) 100vw, 1366px\" \/><\/p>\n<p><img loading=\"lazy\" decoding=\"async\" src=\"https:\/\/ostrowskatv.pl\/wp-content\/uploads\/2022\/03\/20220303_211456-01.jpeg\" alt=\"\" width=\"1366\" height=\"1025\" class=\"alignnone size-full wp-image-18151\" srcset=\"https:\/\/ostrowskatv.pl\/wp-content\/uploads\/2022\/03\/20220303_211456-01.jpeg 1366w, https:\/\/ostrowskatv.pl\/wp-content\/uploads\/2022\/03\/20220303_211456-01-300x225.jpeg 300w, https:\/\/ostrowskatv.pl\/wp-content\/uploads\/2022\/03\/20220303_211456-01-480x360.jpeg 480w\" sizes=\"auto, (max-width: 1366px) 100vw, 1366px\" \/><\/p>\n","protected":false},"excerpt":{"rendered":"Oko\u0142o 40-letni m\u0119\u017cczyzna jecha\u0142 alej\u0105 S\u0142owackiego w Ostrowie Wielkopolskim. Na wysoko\u015bci szpitala patrol drog\u00f3wki zmierzy\u0142 pr\u0119dko\u015b\u0107 74 km\/h na dozwolonych 50. Kierowca mercedesa \n<a class=\"moretag\" href=\"https:\/\/ostrowskatv.pl\/?p=18148\"> [...]<\/a>","protected":false},"author":1,"featured_media":18156,"comment_status":"open","ping_status":"closed","sticky":false,"template":"","format":"standard","meta":{"footnotes":""},"categories":[1],"tags":[2],"class_list":["post-18148","post","type-post","status-publish","format-standard","has-post-thumbnail","hentry","category-news","tag-ostrow-wielkopolski"],"_links":{"self":[{"href":"https:\/\/ostrowskatv.pl\/index.php?rest_route=\/wp\/v2\/posts\/18148","targetHints":{"allow":["GET"]}}],"collection":[{"href":"https:\/\/ostrowskatv.pl\/index.php?rest_route=\/wp\/v2\/posts"}],"about":[{"href":"https:\/\/ostrowskatv.pl\/index.php?rest_route=\/wp\/v2\/types\/post"}],"author":[{"embeddable":true,"href":"https:\/\/ostrowskatv.pl\/index.php?rest_route=\/wp\/v2\/users\/1"}],"replies":[{"embeddable":true,"href":"https:\/\/ostrowskatv.pl\/index.php?rest_route=%2Fwp%2Fv2%2Fcomments&post=18148"}],"version-history":[{"count":0,"href":"https:\/\/ostrowskatv.pl\/index.php?rest_route=\/wp\/v2\/posts\/18148\/revisions"}],"wp:featuredmedia":[{"embeddable":true,"href":"https:\/\/ostrowskatv.pl\/index.php?rest_route=\/wp\/v2\/media\/18156"}],"wp:attachment":[{"href":"https:\/\/ostrowskatv.pl\/index.php?rest_route=%2Fwp%2Fv2%2Fmedia&parent=18148"}],"wp:term":[{"taxonomy":"category","embeddable":true,"href":"https:\/\/ostrowskatv.pl\/index.php?rest_route=%2Fwp%2Fv2%2Fcategories&post=18148"},{"taxonomy":"post_tag","embeddable":true,"href":"https:\/\/ostrowskatv.pl\/index.php?rest_route=%2Fwp%2Fv2%2Ftags&post=18148"}],"curies":[{"name":"wp","href":"https:\/\/api.w.org\/{rel}","templated":true}]}}