{"id":18123,"date":"2022-03-01T16:27:43","date_gmt":"2022-03-01T15:27:43","guid":{"rendered":"https:\/\/ostrowskatv.pl\/?p=18123"},"modified":"2022-03-01T16:27:43","modified_gmt":"2022-03-01T15:27:43","slug":"male-dziecko-zatrzasniete-w-bmw-akcja-sluzb","status":"publish","type":"post","link":"https:\/\/ostrowskatv.pl\/?p=18123","title":{"rendered":"Ma\u0142e dziecko zatrza\u015bni\u0119te w BMW. Akcja s\u0142u\u017cb"},"content":{"rendered":"<p>Do dramatycznej sytuacji ze szcz\u0119\u015bliwym zako\u0144czeniem dosz\u0142o na terenie jednej z posesji w rejonie ulicy Krotoszy\u0144skiej w Ostrowie Wlkp. Rodzina oko\u0142o 1,5-rocznego dziecka zorientowa\u0142a si\u0119, \u017ce jest zatrza\u015bni\u0119te w aucie. Poniewa\u017c stra\u017cacy maj\u0105 blisko swoj\u0105 komend\u0119, poproszono ich o pomoc.<\/p>\n<p>Na miejsce wys\u0142ano jeden zast\u0119p stra\u017cak\u00f3w oraz patrol policji. Stra\u017cacy ju\u017c po chwili podj\u0119li decyzj\u0119 o wybiciu bocznej szyby. Dziecko wyci\u0105gni\u0119to i przekazano rodzinie. Okaza\u0142o si\u0119, \u017ce dziecko bawi\u0142o si\u0119 pilotem i samo siebie zamkn\u0119\u0142o w aucie.<\/p>\n<p>Dziecku nic si\u0119 nie sta\u0142o.<\/p>\n<p><img loading=\"lazy\" decoding=\"async\" src=\"https:\/\/ostrowskatv.pl\/wp-content\/uploads\/2022\/03\/20220301_160359-01.jpeg\" alt=\"\" width=\"1366\" height=\"862\" class=\"alignnone size-full wp-image-18128\" srcset=\"https:\/\/ostrowskatv.pl\/wp-content\/uploads\/2022\/03\/20220301_160359-01.jpeg 1366w, https:\/\/ostrowskatv.pl\/wp-content\/uploads\/2022\/03\/20220301_160359-01-300x189.jpeg 300w, https:\/\/ostrowskatv.pl\/wp-content\/uploads\/2022\/03\/20220301_160359-01-570x360.jpeg 570w\" sizes=\"auto, (max-width: 1366px) 100vw, 1366px\" \/><\/p>\n<p><img loading=\"lazy\" decoding=\"async\" src=\"https:\/\/ostrowskatv.pl\/wp-content\/uploads\/2022\/03\/20220301_160354-01.jpeg\" alt=\"\" width=\"1366\" height=\"765\" class=\"alignnone size-full wp-image-18127\" srcset=\"https:\/\/ostrowskatv.pl\/wp-content\/uploads\/2022\/03\/20220301_160354-01.jpeg 1366w, https:\/\/ostrowskatv.pl\/wp-content\/uploads\/2022\/03\/20220301_160354-01-300x168.jpeg 300w, https:\/\/ostrowskatv.pl\/wp-content\/uploads\/2022\/03\/20220301_160354-01-640x358.jpeg 640w\" sizes=\"auto, (max-width: 1366px) 100vw, 1366px\" \/><\/p>\n<p><img loading=\"lazy\" decoding=\"async\" src=\"https:\/\/ostrowskatv.pl\/wp-content\/uploads\/2022\/03\/20220301_160347-01.jpeg\" alt=\"\" width=\"1366\" height=\"1025\" class=\"alignnone size-full wp-image-18126\" srcset=\"https:\/\/ostrowskatv.pl\/wp-content\/uploads\/2022\/03\/20220301_160347-01.jpeg 1366w, https:\/\/ostrowskatv.pl\/wp-content\/uploads\/2022\/03\/20220301_160347-01-300x225.jpeg 300w, https:\/\/ostrowskatv.pl\/wp-content\/uploads\/2022\/03\/20220301_160347-01-480x360.jpeg 480w\" sizes=\"auto, (max-width: 1366px) 100vw, 1366px\" \/><\/p>\n<p><img loading=\"lazy\" decoding=\"async\" src=\"https:\/\/ostrowskatv.pl\/wp-content\/uploads\/2022\/03\/20220301_160723-01.jpeg\" alt=\"\" width=\"957\" height=\"1366\" class=\"alignnone size-full wp-image-18124\" srcset=\"https:\/\/ostrowskatv.pl\/wp-content\/uploads\/2022\/03\/20220301_160723-01.jpeg 957w, https:\/\/ostrowskatv.pl\/wp-content\/uploads\/2022\/03\/20220301_160723-01-210x300.jpeg 210w, https:\/\/ostrowskatv.pl\/wp-content\/uploads\/2022\/03\/20220301_160723-01-252x360.jpeg 252w\" sizes=\"auto, (max-width: 957px) 100vw, 957px\" \/><\/p>\n<p><img loading=\"lazy\" decoding=\"async\" src=\"https:\/\/ostrowskatv.pl\/wp-content\/uploads\/2022\/03\/20220301_160341-01.jpeg\" alt=\"\" width=\"1366\" height=\"853\" class=\"alignnone size-full wp-image-18125\" srcset=\"https:\/\/ostrowskatv.pl\/wp-content\/uploads\/2022\/03\/20220301_160341-01.jpeg 1366w, https:\/\/ostrowskatv.pl\/wp-content\/uploads\/2022\/03\/20220301_160341-01-300x187.jpeg 300w, https:\/\/ostrowskatv.pl\/wp-content\/uploads\/2022\/03\/20220301_160341-01-577x360.jpeg 577w\" sizes=\"auto, (max-width: 1366px) 100vw, 1366px\" \/><\/p>\n","protected":false},"excerpt":{"rendered":"Do dramatycznej sytuacji ze szcz\u0119\u015bliwym zako\u0144czeniem dosz\u0142o na terenie jednej z posesji w rejonie ulicy Krotoszy\u0144skiej w Ostrowie Wlkp. Rodzina oko\u0142o 1,5-rocznego dziecka \n<a class=\"moretag\" href=\"https:\/\/ostrowskatv.pl\/?p=18123\"> [...]<\/a>","protected":false},"author":1,"featured_media":18126,"comment_status":"open","ping_status":"closed","sticky":false,"template":"","format":"standard","meta":{"footnotes":""},"categories":[1],"tags":[2],"class_list":["post-18123","post","type-post","status-publish","format-standard","has-post-thumbnail","hentry","category-news","tag-ostrow-wielkopolski"],"_links":{"self":[{"href":"https:\/\/ostrowskatv.pl\/index.php?rest_route=\/wp\/v2\/posts\/18123","targetHints":{"allow":["GET"]}}],"collection":[{"href":"https:\/\/ostrowskatv.pl\/index.php?rest_route=\/wp\/v2\/posts"}],"about":[{"href":"https:\/\/ostrowskatv.pl\/index.php?rest_route=\/wp\/v2\/types\/post"}],"author":[{"embeddable":true,"href":"https:\/\/ostrowskatv.pl\/index.php?rest_route=\/wp\/v2\/users\/1"}],"replies":[{"embeddable":true,"href":"https:\/\/ostrowskatv.pl\/index.php?rest_route=%2Fwp%2Fv2%2Fcomments&post=18123"}],"version-history":[{"count":0,"href":"https:\/\/ostrowskatv.pl\/index.php?rest_route=\/wp\/v2\/posts\/18123\/revisions"}],"wp:featuredmedia":[{"embeddable":true,"href":"https:\/\/ostrowskatv.pl\/index.php?rest_route=\/wp\/v2\/media\/18126"}],"wp:attachment":[{"href":"https:\/\/ostrowskatv.pl\/index.php?rest_route=%2Fwp%2Fv2%2Fmedia&parent=18123"}],"wp:term":[{"taxonomy":"category","embeddable":true,"href":"https:\/\/ostrowskatv.pl\/index.php?rest_route=%2Fwp%2Fv2%2Fcategories&post=18123"},{"taxonomy":"post_tag","embeddable":true,"href":"https:\/\/ostrowskatv.pl\/index.php?rest_route=%2Fwp%2Fv2%2Ftags&post=18123"}],"curies":[{"name":"wp","href":"https:\/\/api.w.org\/{rel}","templated":true}]}}