{"id":1807,"date":"2016-07-13T15:21:42","date_gmt":"2016-07-13T14:21:42","guid":{"rendered":"http:\/\/ostrowska.tv\/?p=1807"},"modified":"2016-07-13T15:21:42","modified_gmt":"2016-07-13T14:21:42","slug":"kto-podsluchiwal-w-urzedzie-miejskim","status":"publish","type":"post","link":"https:\/\/ostrowskatv.pl\/?p=1807","title":{"rendered":"Kto pods\u0142uchiwa\u0142 w Urz\u0119dzie Miejskim?"},"content":{"rendered":"<p><strong>Na terenie Urz\u0119du Miejskiego w gabinecie przewodnicz\u0105cego Rady Miejskiej Jaros\u0142awa Lisieckiego, podczas prac porz\u0105dkowych zosta\u0142o znalezione urz\u0105dzenie mog\u0105ce s\u0142u\u017cy\u0107 do pods\u0142uchu. By\u0142a to obudowana elektronika z otworem, okr\u0105g\u0142\u0105 bateri\u0105 oraz przewodem s\u0142u\u017c\u0105cym najpewniej jako antena.<br \/>\n<\/strong><\/p>\n<p>Do znaleziska dosz\u0142o w czwartek 7 lipca. Przewodnicz\u0105cy Jaros\u0142aw Lisiecki dowiedzia\u0142 si\u0119 o tym fakcie w pi\u0105tek, po czym przekaza\u0142 te informacje prezydent miasta Beacie Klimek, \u00a0kt\u00f3ra o zdarzeniu powiadomi\u0142a policj\u0119 oraz prokuratur\u0119. \u00a0Urz\u0105dzenie pods\u0142uchowe zosta\u0142o przekazane policji. Obecnie trwa post\u0119powanie wyja\u015bniaj\u0105ce w tej sprawie.<\/p>\n<p>Zar\u00f3wno przewodnicz\u0105cy Rady oraz prezydent miasta s\u0105 oburzeni faktem, \u017ce kto\u015b zamontowa\u0142 w pomieszczeniu s\u0142u\u017cbowym urz\u0119du pods\u0142uch. Z tego pomieszczenia korzystaj\u0105 na co dzie\u0144 przewodnicz\u0105cy Jaros\u0142aw Lisiecki oraz jego zast\u0119pcy Lech Topolan i Micha\u0142 Szmaj. Wszyscy trzej niedawno wyst\u0105pili\/zostali wyrzuceni z klubu radnych Platformy Obywatelskiej.<\/p>\n<div id='gallery-1' class='gallery galleryid-1807 gallery-columns-3 gallery-size-thumbnail'><figure class='gallery-item'>\n\t\t\t<div class='gallery-icon landscape'>\n\t\t\t\t<a href='https:\/\/ostrowskatv.pl\/?attachment_id=1808'><img loading=\"lazy\" decoding=\"async\" width=\"150\" height=\"150\" src=\"https:\/\/ostrowskatv.pl\/wp-content\/uploads\/2016\/07\/lisiecki-biuro2-150x150.jpg\" class=\"attachment-thumbnail size-thumbnail\" alt=\"\" \/><\/a>\n\t\t\t<\/div><\/figure><figure class='gallery-item'>\n\t\t\t<div class='gallery-icon landscape'>\n\t\t\t\t<a href='https:\/\/ostrowskatv.pl\/?attachment_id=1809'><img loading=\"lazy\" decoding=\"async\" width=\"150\" height=\"150\" src=\"https:\/\/ostrowskatv.pl\/wp-content\/uploads\/2016\/07\/lisiecki-biuro-150x150.jpg\" class=\"attachment-thumbnail size-thumbnail\" alt=\"\" \/><\/a>\n\t\t\t<\/div><\/figure>\n\t\t<\/div>\n\n","protected":false},"excerpt":{"rendered":"Na terenie Urz\u0119du Miejskiego w gabinecie przewodnicz\u0105cego Rady Miejskiej Jaros\u0142awa Lisieckiego, podczas prac porz\u0105dkowych zosta\u0142o znalezione urz\u0105dzenie mog\u0105ce s\u0142u\u017cy\u0107 do pods\u0142uchu. By\u0142a to \n<a class=\"moretag\" href=\"https:\/\/ostrowskatv.pl\/?p=1807\"> [...]<\/a>","protected":false},"author":1,"featured_media":1809,"comment_status":"open","ping_status":"open","sticky":false,"template":"","format":"standard","meta":{"footnotes":""},"categories":[1],"tags":[2],"class_list":["post-1807","post","type-post","status-publish","format-standard","has-post-thumbnail","hentry","category-news","tag-ostrow-wielkopolski"],"_links":{"self":[{"href":"https:\/\/ostrowskatv.pl\/index.php?rest_route=\/wp\/v2\/posts\/1807","targetHints":{"allow":["GET"]}}],"collection":[{"href":"https:\/\/ostrowskatv.pl\/index.php?rest_route=\/wp\/v2\/posts"}],"about":[{"href":"https:\/\/ostrowskatv.pl\/index.php?rest_route=\/wp\/v2\/types\/post"}],"author":[{"embeddable":true,"href":"https:\/\/ostrowskatv.pl\/index.php?rest_route=\/wp\/v2\/users\/1"}],"replies":[{"embeddable":true,"href":"https:\/\/ostrowskatv.pl\/index.php?rest_route=%2Fwp%2Fv2%2Fcomments&post=1807"}],"version-history":[{"count":0,"href":"https:\/\/ostrowskatv.pl\/index.php?rest_route=\/wp\/v2\/posts\/1807\/revisions"}],"wp:featuredmedia":[{"embeddable":true,"href":"https:\/\/ostrowskatv.pl\/index.php?rest_route=\/wp\/v2\/media\/1809"}],"wp:attachment":[{"href":"https:\/\/ostrowskatv.pl\/index.php?rest_route=%2Fwp%2Fv2%2Fmedia&parent=1807"}],"wp:term":[{"taxonomy":"category","embeddable":true,"href":"https:\/\/ostrowskatv.pl\/index.php?rest_route=%2Fwp%2Fv2%2Fcategories&post=1807"},{"taxonomy":"post_tag","embeddable":true,"href":"https:\/\/ostrowskatv.pl\/index.php?rest_route=%2Fwp%2Fv2%2Ftags&post=1807"}],"curies":[{"name":"wp","href":"https:\/\/api.w.org\/{rel}","templated":true}]}}